{"id":5801,"date":"2020-11-06T09:18:42","date_gmt":"2020-11-06T12:18:42","guid":{"rendered":"http:\/\/www.centraldenoticias.com.ar\/?p=5801"},"modified":"2020-11-06T09:18:42","modified_gmt":"2020-11-06T12:18:42","slug":"el-intendente-ezequiel-galli-se-suma-al-grupo-dorrego","status":"publish","type":"post","link":"https:\/\/cdnoticias.com\/index.php\/2020\/11\/06\/el-intendente-ezequiel-galli-se-suma-al-grupo-dorrego\/","title":{"rendered":"El Intendente Ezequiel Galli se suma al \u201cGrupo Dorrego\u201d"},"content":{"rendered":"<p>Si bien el trabajo llevaba alg\u00fan tiempo, formalmente el jefe comunal se sum\u00f3 al grupo de Intendentes del Pro del conurbano que busca posicionarse como alternativa en la gobernaci\u00f3n bonaerense. El interior de la Provincia representado en Galli, Etcheverry, Abella y Petrecca.<!--more--><\/p>\n<hr \/>\n<p>El Intendente Municipal <strong>Ezequiel Galli fue formalmente presentado como integrante del \u201cGrupo Dorrego\u201d encabezados por Jorge Macri y un grupo de jefes comunales del conurbano<\/strong> que buscan posicionarse con una candidatura propia a la gobernaci\u00f3n bonaerense.<\/p>\n<p>&nbsp;<\/p>\n<p>En una foto donde adem\u00e1s de mostrarse solicitaron el regreso a clases presenciales y su preocupaci\u00f3n por las \u201ctomas de tierras\u201d, <strong>la reuni\u00f3n se desarroll\u00f3 en Lan\u00fas, territorio de N\u00e9stor Grindetti. All\u00ed estuvieron Jorge Macri (Vicente L\u00f3pez), Julio Garro (La Plata), Diego Valenzuela (Tres de Febrero). Se sumaron, en tanto, los jefes comunales de Lobos, Jorge Etcheverry; Campana, Sebasti\u00e1n Abella; Jun\u00edn, Pablo Petrecca y Ezequiel Galli por nuestra ciudad.<\/strong><\/p>\n<p>&nbsp;<\/p>\n<p>El Grupo Dorrego viene trabajando desde hace tiempo en torno a la agenda bonaerense y<strong> si bien Galli informalmente trabaja con los jefes comunales hace tiempo, se formaliz\u00f3 su llegada al Grupo Dorrego con otros intendentes del interior de la Provincia<\/strong>. La intenci\u00f3n es generar <em>\u201cun polo de construcci\u00f3n electoral que trabaja para que sea un alcalde el candidato de Juntos por el Cambio a gobernar la provincia en 2023\u201d.<\/em><\/p>\n<p>&nbsp;<\/p>\n<blockquote><p>\u00a0\u201cHoy sumamos la mirada del interior de la provincia de Buenos Aires, para analizar c\u00f3mo avanza la pandemia en aquellas comunas, estamos todos registrando una paulatina y sostenida baja de contagios diarios esto nos permite pensar en nuevas aperturas, siempre respetando los protocolos sanitarios\u201d, dijo Grindetti.<\/p><\/blockquote>\n<p>&nbsp;<\/p>\n<p>En este sentido, <strong>plantearon una serie de puntos tales como el \u201cFondo COVID\u201d<\/strong> (donde buscan ser tenidos en cuenta a la hora de decidir la distribuci\u00f3n); tambi\u00e9n la necesidad de<strong><em> \u201cpensar protocolos para garantizar la vuelta a clases presenciales m\u00e1s all\u00e1 de los espacios de re vinculaci\u00f3n recientemente aprobados\u201d,<\/em><\/strong> y pidieron al gobierno de Kicillof <strong><em>\u201cpor el tratamiento favorable del proyecto de asistencia econ\u00f3mica a instituciones educativas privadas provinciales\u201d.<\/em><\/strong><\/p>\n<p>&nbsp;<\/p>\n<p>Galli tom\u00f3 protagonismo en materia de seguridad, donde cont\u00f3 su experiencia con lo que denominaron, junto con Garro y Petrecca, los <em>\u201cintentos de tomas de los predios municipales en sus respectivos distritos\u201d<\/em>, al tiempo que se exigi\u00f3 a la Provincia<strong><em> \u201cadoptar medidas m\u00e1s duras en defensa de la propiedad privada\u201d.<\/em><\/strong><\/p>\n<p>&nbsp;<\/p>\n<blockquote><p>Galli asegur\u00f3 que son entendibles las necesidades habitacionales pero que no se puede \u201cceder ante presiones ni extorsiones\u201d.<\/p><\/blockquote>\n<p>&nbsp;<\/p>\n<p>Uno de los temas de unanimidad de reclamo es<strong> discutir, junto a la gesti\u00f3n Kicillof, la distribuci\u00f3n de fondos provinciales<\/strong>, un tema que siempre se encuentra en discusi\u00f3n bajo la acusaci\u00f3n de una distribuci\u00f3n inequitativa de las partidas presupuestarias.<\/p>\n","protected":false},"excerpt":{"rendered":"<p>Si bien el trabajo llevaba alg\u00fan tiempo, formalmente el jefe comunal se sum\u00f3 al grupo de Intendentes del Pro del<\/p>\n","protected":false},"author":2,"featured_media":5802,"comment_status":"closed","ping_status":"closed","sticky":false,"template":"","format":"standard","meta":{"_jetpack_memberships_contains_paid_content":false,"footnotes":""},"categories":[4,1],"tags":[],"class_list":["post-5801","post","type-post","status-publish","format-standard","has-post-thumbnail","hentry","category-politica","category-portada"],"jetpack_featured_media_url":"https:\/\/i0.wp.com\/cdnoticias.com\/wp-content\/uploads\/2020\/11\/grupo-dorrego-galli.jpg?fit=1280%2C853&ssl=1","jetpack_sharing_enabled":true,"_links":{"self":[{"href":"https:\/\/cdnoticias.com\/index.php\/wp-json\/wp\/v2\/posts\/5801","targetHints":{"allow":["GET"]}}],"collection":[{"href":"https:\/\/cdnoticias.com\/index.php\/wp-json\/wp\/v2\/posts"}],"about":[{"href":"https:\/\/cdnoticias.com\/index.php\/wp-json\/wp\/v2\/types\/post"}],"author":[{"embeddable":true,"href":"https:\/\/cdnoticias.com\/index.php\/wp-json\/wp\/v2\/users\/2"}],"replies":[{"embeddable":true,"href":"https:\/\/cdnoticias.com\/index.php\/wp-json\/wp\/v2\/comments?post=5801"}],"version-history":[{"count":0,"href":"https:\/\/cdnoticias.com\/index.php\/wp-json\/wp\/v2\/posts\/5801\/revisions"}],"wp:featuredmedia":[{"embeddable":true,"href":"https:\/\/cdnoticias.com\/index.php\/wp-json\/wp\/v2\/media\/5802"}],"wp:attachment":[{"href":"https:\/\/cdnoticias.com\/index.php\/wp-json\/wp\/v2\/media?parent=5801"}],"wp:term":[{"taxonomy":"category","embeddable":true,"href":"https:\/\/cdnoticias.com\/index.php\/wp-json\/wp\/v2\/categories?post=5801"},{"taxonomy":"post_tag","embeddable":true,"href":"https:\/\/cdnoticias.com\/index.php\/wp-json\/wp\/v2\/tags?post=5801"}],"curies":[{"name":"wp","href":"https:\/\/api.w.org\/{rel}","templated":true}]}}