{"id":57974,"date":"2022-06-22T08:52:05","date_gmt":"2022-06-22T11:52:05","guid":{"rendered":"https:\/\/www.centraldenoticias.com.ar\/?p=57974"},"modified":"2022-06-22T08:52:05","modified_gmt":"2022-06-22T11:52:05","slug":"buscan-que-el-hcd-reconozca-al-grupo-musical-can-can","status":"publish","type":"post","link":"https:\/\/cdnoticias.com\/index.php\/2022\/06\/22\/buscan-que-el-hcd-reconozca-al-grupo-musical-can-can\/","title":{"rendered":"Buscan que el HCD reconozca al grupo musical \u201cCan Can\u201d"},"content":{"rendered":"<p>La iniciativa es impulsada por el bloque Foro Olavarr\u00eda &#8211; Frente Renovador con la intenci\u00f3n de otorgar el \u201cHonor al M\u00e9rito Ciudadano\u201d a la banda olavarriense.<!--more--><\/p>\n<hr \/>\n<p>El pr\u00f3ximo jueves, en una nueva sesi\u00f3n del Concejo Deliberante,<strong> se tratar\u00e1 el proyecto que busca distinguir al grupo musical \u201cCan Can\u201d con el galard\u00f3n de \u201cHonor al M\u00e9rito Ciudadano\u201d.<\/strong><\/p>\n<p>&nbsp;<\/p>\n<p>Se trata de una<strong> iniciativa del bloque Foro Olavarr\u00eda &#8211; Frente Renovador<\/strong>, perteneciente al interbloque Frente de Todos, el cual conforman la <strong>concejala In\u00e9s Creimer y el concejal Gast\u00f3n Sarachu.\u00a0<\/strong><\/p>\n<p>&nbsp;<\/p>\n<p>La <strong>banda \u201cCan Can\u201d nace en 1982<\/strong> cuando <strong>Claudio Pedreira<\/strong> (voz, teclados y guitarras) y<strong> Charango Torres<\/strong> (voz, guitarras y coros) se conocen en el Colegio Nacional a trav\u00e9s de un amigo en com\u00fan, el <strong>&#8220;Chino&#8221; Ribalta<\/strong> (bater\u00eda). Dos a\u00f1os despu\u00e9s, <strong>en 1984, la banda debuta en el circuito olavarriense bajo el nombre \u201cLos Pasajeros\u201d<\/strong>. En 1985, el grupo cambia de baterista tras incorporar a<strong> Pino Cuadrado<\/strong>.<\/p>\n<p>&nbsp;<\/p>\n<p>&#8220;La notable evoluci\u00f3n de la banda y el gran acompa\u00f1amiento del p\u00fablico se traducen en un contrato con el sello <strong>Edipo Records<\/strong>, el cual ya contaba con importantes figuras de la m\u00fasica nacional como V8 y Sixto Palavecino&#8221; se explic\u00f3. As\u00ed, <strong>en 1986, la banda se radica en Buenos Aires bajo el nombre de \u201cCan Can\u201d.<\/strong><\/p>\n<p>&nbsp;<\/p>\n<p><img data-recalc-dims=\"1\" loading=\"lazy\" decoding=\"async\" class=\"aligncenter wp-image-57976 size-full\" src=\"https:\/\/i0.wp.com\/cdnoticias.com\/wp-content\/uploads\/2022\/06\/Foro-Olavarria-Can-Can-1.jpg?resize=800%2C500&#038;ssl=1\" alt=\"\" width=\"800\" height=\"500\" srcset=\"https:\/\/i0.wp.com\/cdnoticias.com\/wp-content\/uploads\/2022\/06\/Foro-Olavarria-Can-Can-1.jpg?w=800&amp;ssl=1 800w, https:\/\/i0.wp.com\/cdnoticias.com\/wp-content\/uploads\/2022\/06\/Foro-Olavarria-Can-Can-1.jpg?resize=300%2C188&amp;ssl=1 300w, https:\/\/i0.wp.com\/cdnoticias.com\/wp-content\/uploads\/2022\/06\/Foro-Olavarria-Can-Can-1.jpg?resize=768%2C480&amp;ssl=1 768w\" sizes=\"auto, (max-width: 800px) 100vw, 800px\" \/><\/p>\n<p>&nbsp;<\/p>\n<p>Ya en <strong>1987, la banda se convierte en el primer grupo musical olavarriense en lanzar un LP (Long Play) gracias a \u201cTicket\u201d<\/strong>, editado y difundido a nivel nacional, actuando en la TV abierta y sonando ese a\u00f1o en las principales radios del pa\u00eds, cerrando este ciclo con un recital junto a GIT en el Maxi gimnasio del Club Estudiantes de Olavarr\u00eda.<\/p>\n<p>&nbsp;<\/p>\n<p>Su segundo material discogr\u00e1fico vendr\u00eda de la mano de<strong> \u201cBackgammon\u201d<\/strong> de 1991 pero publicado oficialmente a\u00f1os m\u00e1s tarde en plataformas digitales. \u201c<strong>V\u00edrgenes y Santos\u201d<\/strong> (2002) ser\u00eda<strong> su \u00faltimo disco,<\/strong> <strong>grabado de forma independiente.<\/strong><\/p>\n<p>&nbsp;<\/p>\n<p>\u201cCan Can\u201d fue creadora de 32 canciones entre las cuales se encuentran grandes \u00e9xitos como <strong><em>\u201cCara de Documento\u201d, \u201cTicket\u201d, \u201cTraumas\u201d y \u201cBrigitte Barde\u00f3\u201d<\/em>.<\/strong> Con m\u00e1s de cien shows en distintas ciudades del pa\u00eds la banda se volvi\u00f3 un pilar en el patrimonio cultural de Olavarr\u00eda.<\/p>\n","protected":false},"excerpt":{"rendered":"<p>La iniciativa es impulsada por el bloque Foro Olavarr\u00eda &#8211; Frente Renovador con la intenci\u00f3n de otorgar el \u201cHonor al<\/p>\n","protected":false},"author":6,"featured_media":57975,"comment_status":"closed","ping_status":"closed","sticky":false,"template":"","format":"standard","meta":{"_jetpack_memberships_contains_paid_content":false,"footnotes":""},"categories":[4,1],"tags":[],"class_list":["post-57974","post","type-post","status-publish","format-standard","has-post-thumbnail","hentry","category-politica","category-portada"],"jetpack_featured_media_url":"https:\/\/i0.wp.com\/cdnoticias.com\/wp-content\/uploads\/2022\/06\/Foro-Olavarria-Can-Can.jpg?fit=800%2C500&ssl=1","jetpack_sharing_enabled":true,"_links":{"self":[{"href":"https:\/\/cdnoticias.com\/index.php\/wp-json\/wp\/v2\/posts\/57974","targetHints":{"allow":["GET"]}}],"collection":[{"href":"https:\/\/cdnoticias.com\/index.php\/wp-json\/wp\/v2\/posts"}],"about":[{"href":"https:\/\/cdnoticias.com\/index.php\/wp-json\/wp\/v2\/types\/post"}],"author":[{"embeddable":true,"href":"https:\/\/cdnoticias.com\/index.php\/wp-json\/wp\/v2\/users\/6"}],"replies":[{"embeddable":true,"href":"https:\/\/cdnoticias.com\/index.php\/wp-json\/wp\/v2\/comments?post=57974"}],"version-history":[{"count":0,"href":"https:\/\/cdnoticias.com\/index.php\/wp-json\/wp\/v2\/posts\/57974\/revisions"}],"wp:featuredmedia":[{"embeddable":true,"href":"https:\/\/cdnoticias.com\/index.php\/wp-json\/wp\/v2\/media\/57975"}],"wp:attachment":[{"href":"https:\/\/cdnoticias.com\/index.php\/wp-json\/wp\/v2\/media?parent=57974"}],"wp:term":[{"taxonomy":"category","embeddable":true,"href":"https:\/\/cdnoticias.com\/index.php\/wp-json\/wp\/v2\/categories?post=57974"},{"taxonomy":"post_tag","embeddable":true,"href":"https:\/\/cdnoticias.com\/index.php\/wp-json\/wp\/v2\/tags?post=57974"}],"curies":[{"name":"wp","href":"https:\/\/api.w.org\/{rel}","templated":true}]}}