{"id":57951,"date":"2022-06-23T08:15:03","date_gmt":"2022-06-23T11:15:03","guid":{"rendered":"https:\/\/www.centraldenoticias.com.ar\/?p=57951"},"modified":"2022-06-23T08:15:03","modified_gmt":"2022-06-23T11:15:03","slug":"familias-y-docentes-por-la-esi-jornada-de-trabajo-en-el-centro-cultural-universitario","status":"publish","type":"post","link":"https:\/\/cdnoticias.com\/index.php\/2022\/06\/23\/familias-y-docentes-por-la-esi-jornada-de-trabajo-en-el-centro-cultural-universitario\/","title":{"rendered":"Familias y docentes por la ESI: jornada de trabajo en el Centro Cultural Universitario"},"content":{"rendered":"<p>Ser\u00e1 el viernes 24 de junio a las 14:00 en el marco del festival por el D\u00eda Internacional del Orgullo.<!--more--><\/p>\n<hr \/>\n<p>El pr\u00f3ximo <strong>viernes 24 de junio<\/strong> se realizar\u00e1 el encuentro denominado <em><strong>\u201cFamilias y Docentes por la ESI\u201d <\/strong><\/em>en el marco de la marcha y festival por el <strong>D\u00eda Internacional del Orgullo.\u00a0<\/strong><\/p>\n<p>&nbsp;<\/p>\n<p>La jornada de trabajo ser\u00e1 a las <strong>14:00 en el Centro Cultural Universitario<\/strong> (sala B), ubicado en <strong>San Mart\u00edn 1955.<\/strong> El encuentro est\u00e1 organizado por el Grupo de Investigaciones Socioculturales en Educaci\u00f3n (GISE) con sede en la Facultad de Ciencias Sociales (UNICEN).<\/p>\n<p>&nbsp;<\/p>\n<p>Se indic\u00f3 que el objetivo<strong> &#8220;consiste en reunir a integrantes de la comunidad educativa que est\u00e9n desarrollando, o tengan la intenci\u00f3n de desarrollar, experiencias educativas vinculadas a la Ley de Educaci\u00f3n Sexual Integral&#8221;.<\/strong><\/p>\n<p>&nbsp;<\/p>\n<p>Por \u00faltimo se remarc\u00f3 qu &#8220;Realizamos esta convocatoria al considerar necesario <strong>promover un espacio que proponga el trabajo en red entre quienes forman parte de la comunidad educativa<\/strong> (docentes, equipos directivos, equipos de orientaci\u00f3n, estudiantes, familias, etc.) a fin de afianzar el tratamiento de la normativa vigente mediante el intercambio y el conocimiento de las distintas realidades escolares&#8221; se agreg\u00f3.<\/p>\n","protected":false},"excerpt":{"rendered":"<p>Ser\u00e1 el viernes 24 de junio a las 14:00 en el marco del festival por el D\u00eda Internacional del Orgullo.<\/p>\n","protected":false},"author":6,"featured_media":57954,"comment_status":"closed","ping_status":"closed","sticky":false,"template":"","format":"standard","meta":{"_jetpack_memberships_contains_paid_content":false,"footnotes":""},"categories":[3,1],"tags":[],"class_list":["post-57951","post","type-post","status-publish","format-standard","has-post-thumbnail","hentry","category-genero","category-portada"],"jetpack_featured_media_url":"https:\/\/i0.wp.com\/cdnoticias.com\/wp-content\/uploads\/2022\/06\/Diseno-sin-titulo-33.jpg?fit=1920%2C1080&ssl=1","jetpack_sharing_enabled":true,"_links":{"self":[{"href":"https:\/\/cdnoticias.com\/index.php\/wp-json\/wp\/v2\/posts\/57951","targetHints":{"allow":["GET"]}}],"collection":[{"href":"https:\/\/cdnoticias.com\/index.php\/wp-json\/wp\/v2\/posts"}],"about":[{"href":"https:\/\/cdnoticias.com\/index.php\/wp-json\/wp\/v2\/types\/post"}],"author":[{"embeddable":true,"href":"https:\/\/cdnoticias.com\/index.php\/wp-json\/wp\/v2\/users\/6"}],"replies":[{"embeddable":true,"href":"https:\/\/cdnoticias.com\/index.php\/wp-json\/wp\/v2\/comments?post=57951"}],"version-history":[{"count":0,"href":"https:\/\/cdnoticias.com\/index.php\/wp-json\/wp\/v2\/posts\/57951\/revisions"}],"wp:featuredmedia":[{"embeddable":true,"href":"https:\/\/cdnoticias.com\/index.php\/wp-json\/wp\/v2\/media\/57954"}],"wp:attachment":[{"href":"https:\/\/cdnoticias.com\/index.php\/wp-json\/wp\/v2\/media?parent=57951"}],"wp:term":[{"taxonomy":"category","embeddable":true,"href":"https:\/\/cdnoticias.com\/index.php\/wp-json\/wp\/v2\/categories?post=57951"},{"taxonomy":"post_tag","embeddable":true,"href":"https:\/\/cdnoticias.com\/index.php\/wp-json\/wp\/v2\/tags?post=57951"}],"curies":[{"name":"wp","href":"https:\/\/api.w.org\/{rel}","templated":true}]}}