{"id":57924,"date":"2022-06-21T16:51:24","date_gmt":"2022-06-21T19:51:24","guid":{"rendered":"https:\/\/www.centraldenoticias.com.ar\/?p=57924"},"modified":"2022-06-21T17:42:00","modified_gmt":"2022-06-21T20:42:00","slug":"choco-contra-un-poste-y-la-alcoholemia-le-dio-positiva","status":"publish","type":"post","link":"https:\/\/cdnoticias.com\/index.php\/2022\/06\/21\/choco-contra-un-poste-y-la-alcoholemia-le-dio-positiva\/","title":{"rendered":"Choc\u00f3 contra un poste y la alcoholemia le dio positiva"},"content":{"rendered":"<p>Fue este fin de semana en Col\u00f3n y Mu\u00f1oz. Se labraron m\u00e1s de 80 infracciones en total por parte de personal de Tr\u00e1nsito.<\/p>\n<p><!--more--><\/p>\n<hr \/>\n<p>En el informe de la actuaci\u00f3n de personal de Tr\u00e1nsito y Control Urbano municipal de este fin de semana, se expuso que<strong> se labraron m\u00e1s de 80 infracciones<\/strong>.<\/p>\n<p>&nbsp;<\/p>\n<p>Entre ellas, dos <strong>correspondieron a test de alcoholemia que dieron positivo<\/strong>, y uno fue vinculado a <strong>un siniestro vial.<\/strong><\/p>\n<p>&nbsp;<\/p>\n<blockquote><p>Se detall\u00f3 que correspondi\u00f3 a un conductor que impact\u00f3 contra un poste de alumbrado p\u00fablico en el cruce de avenida Col\u00f3n y Celestino Mu\u00f1oz. El test arroj\u00f3 un dosaje de alcohol en sangre de 1,60 g\/l.<\/p><\/blockquote>\n<p>&nbsp;<\/p>\n<p><img data-recalc-dims=\"1\" loading=\"lazy\" decoding=\"async\" class=\"size-full wp-image-57931 aligncenter\" src=\"https:\/\/i0.wp.com\/cdnoticias.com\/wp-content\/uploads\/2022\/06\/infracciones-de-transito-junio-choque-c02.jpg?resize=450%2C498&#038;ssl=1\" alt=\"\" width=\"450\" height=\"498\" srcset=\"https:\/\/i0.wp.com\/cdnoticias.com\/wp-content\/uploads\/2022\/06\/infracciones-de-transito-junio-choque-c02.jpg?w=450&amp;ssl=1 450w, https:\/\/i0.wp.com\/cdnoticias.com\/wp-content\/uploads\/2022\/06\/infracciones-de-transito-junio-choque-c02.jpg?resize=271%2C300&amp;ssl=1 271w\" sizes=\"auto, (max-width: 450px) 100vw, 450px\" \/><\/p>\n<p>&nbsp;<\/p>\n<p><strong>El segundo test positivo fue de un conductor que cruz\u00f3 en rojo sem\u00e1foros de la avenida Del Valle<\/strong>, siendo interceptado instantes despu\u00e9s a la altura del cruce con Espa\u00f1a. <strong>El test de alcoholemia arroj\u00f3 2,30 g\/l.<\/strong><\/p>\n<p>&nbsp;<\/p>\n<p>Tambi\u00e9n desde la Subsecretar\u00eda de Seguridad de la Municipalidad<strong> se destacaron los operativos de prevenci\u00f3n y control<\/strong> que se llevaron adelante en puntos estrat\u00e9gicos de la ciudad. Adem\u00e1s del personal del \u00e1rea de Tr\u00e1nsito y la Direcci\u00f3n de Acci\u00f3n y Control Urbano, colaboraron efectivos de moto polic\u00edas de la Polic\u00eda Local.<\/p>\n<p>&nbsp;<\/p>\n<p><img data-recalc-dims=\"1\" loading=\"lazy\" decoding=\"async\" class=\"size-full wp-image-57932 aligncenter\" src=\"https:\/\/i0.wp.com\/cdnoticias.com\/wp-content\/uploads\/2022\/06\/infracciones-de-transito-junio-00.jpg?resize=800%2C445&#038;ssl=1\" alt=\"\" width=\"800\" height=\"445\" srcset=\"https:\/\/i0.wp.com\/cdnoticias.com\/wp-content\/uploads\/2022\/06\/infracciones-de-transito-junio-00.jpg?w=800&amp;ssl=1 800w, https:\/\/i0.wp.com\/cdnoticias.com\/wp-content\/uploads\/2022\/06\/infracciones-de-transito-junio-00.jpg?resize=300%2C167&amp;ssl=1 300w, https:\/\/i0.wp.com\/cdnoticias.com\/wp-content\/uploads\/2022\/06\/infracciones-de-transito-junio-00.jpg?resize=768%2C427&amp;ssl=1 768w\" sizes=\"auto, (max-width: 800px) 100vw, 800px\" \/><\/p>\n<p>&nbsp;<\/p>\n<blockquote><p>En ese marco fueron interceptados e identificados 109 rodados, entre autom\u00f3viles y ciclomotores. Se detall\u00f3 que se labraron un total de 66 actas, en las que se asentaron 82 infracciones a la Ley Nacional de Tr\u00e1nsito.<\/p><\/blockquote>\n<p>&nbsp;<\/p>\n<p>Entre las infracciones detectadas se enumer\u00f3 la <strong>falta de documentaci\u00f3n, el estacionamiento en lugares no permitidos y el cruce de sem\u00e1foros en rojo<\/strong>, entre otras irregularidades. Lo actuado se tradujo adem\u00e1s en la <strong>retenci\u00f3n de 6 licencias de conducir, 4 autom\u00f3viles y cuatro ciclomotores<\/strong>.<\/p>\n<p>&nbsp;<\/p>\n<p>Por \u00faltimo, se inform\u00f3 que <strong>los rodados retenidos fueron trasladados al Corral\u00f3n Municipal<\/strong>, mientras que las actas labradas fueron elevadas al Juzgado de Faltas Municipal.<\/p>\n<p>&nbsp;<\/p>\n<p><img data-recalc-dims=\"1\" loading=\"lazy\" decoding=\"async\" class=\"size-full wp-image-57933 aligncenter\" src=\"https:\/\/i0.wp.com\/cdnoticias.com\/wp-content\/uploads\/2022\/06\/infracciones-de-transito-junio-01.jpg?resize=800%2C445&#038;ssl=1\" alt=\"\" width=\"800\" height=\"445\" srcset=\"https:\/\/i0.wp.com\/cdnoticias.com\/wp-content\/uploads\/2022\/06\/infracciones-de-transito-junio-01.jpg?w=800&amp;ssl=1 800w, https:\/\/i0.wp.com\/cdnoticias.com\/wp-content\/uploads\/2022\/06\/infracciones-de-transito-junio-01.jpg?resize=300%2C167&amp;ssl=1 300w, https:\/\/i0.wp.com\/cdnoticias.com\/wp-content\/uploads\/2022\/06\/infracciones-de-transito-junio-01.jpg?resize=768%2C427&amp;ssl=1 768w\" sizes=\"auto, (max-width: 800px) 100vw, 800px\" \/><\/p>\n","protected":false},"excerpt":{"rendered":"<p>Fue este fin de semana en Col\u00f3n y Mu\u00f1oz. Se labraron m\u00e1s de 80 infracciones en total por parte de<\/p>\n","protected":false},"author":4,"featured_media":57934,"comment_status":"closed","ping_status":"closed","sticky":false,"template":"","format":"standard","meta":{"_jetpack_memberships_contains_paid_content":false,"footnotes":""},"categories":[14,1],"tags":[],"class_list":["post-57924","post","type-post","status-publish","format-standard","has-post-thumbnail","hentry","category-policiales","category-portada"],"jetpack_featured_media_url":"https:\/\/i0.wp.com\/cdnoticias.com\/wp-content\/uploads\/2022\/06\/infracciones-de-transito-junio-choque-c00.jpg?fit=800%2C444&ssl=1","jetpack_sharing_enabled":true,"_links":{"self":[{"href":"https:\/\/cdnoticias.com\/index.php\/wp-json\/wp\/v2\/posts\/57924","targetHints":{"allow":["GET"]}}],"collection":[{"href":"https:\/\/cdnoticias.com\/index.php\/wp-json\/wp\/v2\/posts"}],"about":[{"href":"https:\/\/cdnoticias.com\/index.php\/wp-json\/wp\/v2\/types\/post"}],"author":[{"embeddable":true,"href":"https:\/\/cdnoticias.com\/index.php\/wp-json\/wp\/v2\/users\/4"}],"replies":[{"embeddable":true,"href":"https:\/\/cdnoticias.com\/index.php\/wp-json\/wp\/v2\/comments?post=57924"}],"version-history":[{"count":0,"href":"https:\/\/cdnoticias.com\/index.php\/wp-json\/wp\/v2\/posts\/57924\/revisions"}],"wp:featuredmedia":[{"embeddable":true,"href":"https:\/\/cdnoticias.com\/index.php\/wp-json\/wp\/v2\/media\/57934"}],"wp:attachment":[{"href":"https:\/\/cdnoticias.com\/index.php\/wp-json\/wp\/v2\/media?parent=57924"}],"wp:term":[{"taxonomy":"category","embeddable":true,"href":"https:\/\/cdnoticias.com\/index.php\/wp-json\/wp\/v2\/categories?post=57924"},{"taxonomy":"post_tag","embeddable":true,"href":"https:\/\/cdnoticias.com\/index.php\/wp-json\/wp\/v2\/tags?post=57924"}],"curies":[{"name":"wp","href":"https:\/\/api.w.org\/{rel}","templated":true}]}}