{"id":57922,"date":"2022-06-21T12:30:16","date_gmt":"2022-06-21T15:30:16","guid":{"rendered":"https:\/\/www.centraldenoticias.com.ar\/?p=57922"},"modified":"2022-06-22T07:41:56","modified_gmt":"2022-06-22T10:41:56","slug":"caso-daiana-abregu-acusaciones-de-fake-news-cortinas-de-humo-y-nuevos-peritajes","status":"publish","type":"post","link":"https:\/\/cdnoticias.com\/index.php\/2022\/06\/21\/caso-daiana-abregu-acusaciones-de-fake-news-cortinas-de-humo-y-nuevos-peritajes\/","title":{"rendered":"Caso Daiana Abregu: acusaciones de fake news, \u201ccortinas de humo\u201d y nuevos peritajes"},"content":{"rendered":"<p>Contin\u00faa la investigaci\u00f3n por la muerte de la joven en la comisar\u00eda de Laprida. M\u00e9dicos de la localidad dieron una conferencia de prensa. El abogado de la familia respondi\u00f3. Se esperan los resultados de las \u00faltimas pericias. <!--more--><\/p>\n<hr \/>\n<p>D\u00edas atr\u00e1s la investigaci\u00f3n sobre el presunto suicidio de la joven Daiana Abregu en una comisar\u00eda de Laprida se vio sacudida por la aparici\u00f3n de un <a href=\"https:\/\/cdnoticias.com\/index.php\/2022\/06\/16\/caso-abregu-un-audio-de-whatsapp-de-una-nina-podria-dar-un-giro-en-la-causa\/\" target=\"_blank\" rel=\"noopener\">audio de WhatsApp<\/a> adjudicado a la hija de un m\u00e9dico de la localidad.<\/p>\n<p>&nbsp;<\/p>\n<p>El contenido del audio daba cuenta de que \u201cDaiana no se ahorc\u00f3\u201d sino que \u201cla asfixiaron con una bolsa en la cabeza\u201d y habr\u00eda sido enviado por la ni\u00f1a a una amiga. La madre de la menor que recibi\u00f3 este mensaje se present\u00f3 a declarar y entreg\u00f3 el celular. <strong>Este material ya est\u00e1 en poder del fiscal que entiende en la causa, el doctor Jos\u00e9 Ignacio Calonge.<\/strong><\/p>\n<p>&nbsp;<\/p>\n<p>El hecho traspas\u00f3 las fronteras de la localidad y se instal\u00f3 en medio provinciales y nacionales. Tal es as\u00ed, que <strong>el doctor Fernando Andreatta director del Hospital Municipal \u201cPedro S. Sancholuz\u201d convoc\u00f3 a una conferencia de prensa<\/strong> acompa\u00f1ado de otros profesionales para desmentir el origen de ese audio.<strong> \u201cLas fake news han llegado al pueblo\u201d,<\/strong> sentenci\u00f3.<\/p>\n<p>&nbsp;<\/p>\n<p>Estuvo acompa\u00f1ado por el <strong>doctor Omar Baquini padre de la ni\u00f1a sindicada como autora del audio y empleado del hospital<\/strong> al que fue enviado el cuerpo de Daiana. Tambi\u00e9n estuvieron presentes los doctores Gustavo Bravo y Mario Prieto.<\/p>\n<p>&nbsp;<\/p>\n<p><img data-recalc-dims=\"1\" loading=\"lazy\" decoding=\"async\" class=\"aligncenter size-full wp-image-57925\" src=\"https:\/\/i0.wp.com\/cdnoticias.com\/wp-content\/uploads\/2022\/06\/conferencia-laprida.png?resize=476%2C439&#038;ssl=1\" alt=\"\" width=\"476\" height=\"439\" srcset=\"https:\/\/i0.wp.com\/cdnoticias.com\/wp-content\/uploads\/2022\/06\/conferencia-laprida.png?w=476&amp;ssl=1 476w, https:\/\/i0.wp.com\/cdnoticias.com\/wp-content\/uploads\/2022\/06\/conferencia-laprida.png?resize=300%2C277&amp;ssl=1 300w\" sizes=\"auto, (max-width: 476px) 100vw, 476px\" \/><\/p>\n<p>&nbsp;<\/p>\n<p>Baquini afirm\u00f3 sobre el audio que circula que<strong> \u201cmi hija no es, es otra persona\u201d<\/strong> y se mostr\u00f3 \u201csorprendido\u201d por esta situaci\u00f3n. \u201cYo solamente estaba trabajando ese d\u00eda, cumpliendo mi deber\u201d, indic\u00f3.<\/p>\n<p>&nbsp;<\/p>\n<p>A su vez, asegur\u00f3 que <strong>\u201cestoy mal, yo y mi familia\u201d<\/strong> y agreg\u00f3 que a\u00fan no fue llamado a declarar.<\/p>\n<p>&nbsp;<\/p>\n<p>Por su parte, <strong>el abogado Sergio Rold\u00e1n<\/strong> quien asumi\u00f3 el caso como particular damnificado de la familia de Daiana Abregu habl\u00f3 con <em>Central de Noticias<\/em> luego de esta conferencia y la catalog\u00f3 como <strong>\u201cuna cortina de humo para desviar la atenci\u00f3n\u201d.<\/strong><\/p>\n<p>&nbsp;<\/p>\n<p>Insisti\u00f3 en que <strong>\u201cobjetivamente ac\u00e1 se est\u00e1 tratando la responsabilidad de la polic\u00eda con una muerte adentro de la comisar\u00eda\u201d<\/strong> y adelant\u00f3 que esperan novedades para los pr\u00f3ximos d\u00edas respecto al resultado de distintas pericias que fueron ordenadas en el marco de la investigaci\u00f3n.<\/p>\n<p>&nbsp;<\/p>\n<p>Tambi\u00e9n, en los \u00faltimos d\u00edas <a href=\"https:\/\/cdnoticias.com\/index.php\/2022\/06\/15\/caso-daiana-abregu-allanan-domicilios-de-policias-en-laprida\/\" target=\"_blank\" rel=\"noopener\">fueron allanados cinco domicilios de polic\u00edas<\/a> de turno cuando falleci\u00f3 Daiana. En el marco de esos operativos, fueron secuestrados tel\u00e9fonos celulares.<\/p>\n<p>&nbsp;<\/p>\n<p>Recordemos adem\u00e1s, que las autoridades de la Polic\u00eda Bonaerense tomaron la decisi\u00f3n de<a href=\"https:\/\/cdnoticias.com\/index.php\/2022\/06\/10\/por-la-muerte-de-daiana-abregu-removieron-a-la-cupula-policial-de-laprida\/\" target=\"_blank\" rel=\"noopener\"> remover a la c\u00fapula policial<\/a> de la comisar\u00eda de Laprida.<\/p>\n","protected":false},"excerpt":{"rendered":"<p>Contin\u00faa la investigaci\u00f3n por la muerte de la joven en la comisar\u00eda de Laprida. M\u00e9dicos de la localidad dieron una<\/p>\n","protected":false},"author":5,"featured_media":57096,"comment_status":"closed","ping_status":"closed","sticky":false,"template":"","format":"standard","meta":{"_jetpack_memberships_contains_paid_content":false,"footnotes":""},"categories":[6,1],"tags":[],"class_list":["post-57922","post","type-post","status-publish","format-standard","has-post-thumbnail","hentry","category-nacionales","category-portada"],"jetpack_featured_media_url":"https:\/\/i0.wp.com\/cdnoticias.com\/wp-content\/uploads\/2022\/06\/marcha-laprida.jpg?fit=766%2C508&ssl=1","jetpack_sharing_enabled":true,"_links":{"self":[{"href":"https:\/\/cdnoticias.com\/index.php\/wp-json\/wp\/v2\/posts\/57922","targetHints":{"allow":["GET"]}}],"collection":[{"href":"https:\/\/cdnoticias.com\/index.php\/wp-json\/wp\/v2\/posts"}],"about":[{"href":"https:\/\/cdnoticias.com\/index.php\/wp-json\/wp\/v2\/types\/post"}],"author":[{"embeddable":true,"href":"https:\/\/cdnoticias.com\/index.php\/wp-json\/wp\/v2\/users\/5"}],"replies":[{"embeddable":true,"href":"https:\/\/cdnoticias.com\/index.php\/wp-json\/wp\/v2\/comments?post=57922"}],"version-history":[{"count":0,"href":"https:\/\/cdnoticias.com\/index.php\/wp-json\/wp\/v2\/posts\/57922\/revisions"}],"wp:featuredmedia":[{"embeddable":true,"href":"https:\/\/cdnoticias.com\/index.php\/wp-json\/wp\/v2\/media\/57096"}],"wp:attachment":[{"href":"https:\/\/cdnoticias.com\/index.php\/wp-json\/wp\/v2\/media?parent=57922"}],"wp:term":[{"taxonomy":"category","embeddable":true,"href":"https:\/\/cdnoticias.com\/index.php\/wp-json\/wp\/v2\/categories?post=57922"},{"taxonomy":"post_tag","embeddable":true,"href":"https:\/\/cdnoticias.com\/index.php\/wp-json\/wp\/v2\/tags?post=57922"}],"curies":[{"name":"wp","href":"https:\/\/api.w.org\/{rel}","templated":true}]}}