{"id":5792,"date":"2020-11-06T08:44:16","date_gmt":"2020-11-06T11:44:16","guid":{"rendered":"http:\/\/www.centraldenoticias.com.ar\/?p=5792"},"modified":"2020-11-06T08:48:58","modified_gmt":"2020-11-06T11:48:58","slug":"juventud-por-olavarria-comenzo-actividades-solidarias-en-un-jardin","status":"publish","type":"post","link":"https:\/\/cdnoticias.com\/index.php\/2020\/11\/06\/juventud-por-olavarria-comenzo-actividades-solidarias-en-un-jardin\/","title":{"rendered":"Juventud por Olavarr\u00eda comenz\u00f3 actividades solidarias en un Jard\u00edn"},"content":{"rendered":"<p>Un grupo de j\u00f3venes formaron una agrupaci\u00f3n solidaria y con los protocolos correspondientes, realizaron su primera actividad pintando el frente del Jard\u00edn N\u00b0 914 \u201cVicente Aducci\u201d. Convocaron a sumarse y a realizar otras actividades.<!--more--><\/p>\n<hr \/>\n<p>&nbsp;<\/p>\n<p>Con la colaboraci\u00f3n de voluntarios y en su primera actividad fundacional,<strong> la agrupaci\u00f3n solidaria \u201cJuventud por Olavarr\u00eda\u201d realiz\u00f3 trabajo de reacondicionamiento del frente del Jard\u00edn N\u00b0 914 \u201cVicente Aducci\u201d<\/strong>, ubicado en Lavalle y Avellaneda.<\/p>\n<p>&nbsp;<\/p>\n<p>La actividad se realiz\u00f3 el viernes pasado, con<strong> trabajos de corte de pastos en sus instalaciones, as\u00ed como tambi\u00e9n toda la pintura del frente de la instituci\u00f3n educativa.<\/strong><\/p>\n<p>&nbsp;<\/p>\n<blockquote class=\"instagram-media\" style=\"background: #FFF; border: 0; border-radius: 3px; box-shadow: 0 0 1px 0 rgba(0,0,0,0.5),0 1px 10px 0 rgba(0,0,0,0.15); margin: 1px; max-width: 540px; min-width: 326px; padding: 0; width: calc(100% - 2px);\" data-instgrm-captioned=\"\" data-instgrm-permalink=\"https:\/\/www.instagram.com\/p\/CG_BlM8Arq1\/?utm_source=ig_embed&amp;utm_campaign=loading\" data-instgrm-version=\"13\">\n<div style=\"padding: 16px;\">\n<p>&nbsp;<\/p>\n<div style=\"display: flex; flex-direction: row; align-items: center;\">\n<div style=\"background-color: #f4f4f4; border-radius: 50%; flex-grow: 0; height: 40px; margin-right: 14px; width: 40px;\"><\/div>\n<div style=\"display: flex; flex-direction: column; flex-grow: 1; justify-content: center;\">\n<div style=\"background-color: #f4f4f4; border-radius: 4px; flex-grow: 0; height: 14px; margin-bottom: 6px; width: 100px;\"><\/div>\n<div style=\"background-color: #f4f4f4; border-radius: 4px; flex-grow: 0; height: 14px; width: 60px;\"><\/div>\n<\/div>\n<\/div>\n<div style=\"padding: 19% 0;\"><\/div>\n<div style=\"display: block; height: 50px; margin: 0 auto 12px; width: 50px;\"><\/div>\n<div style=\"padding-top: 8px;\">\n<div style=\"color: #3897f0; font-family: Arial,sans-serif; font-size: 14px; font-style: normal; font-weight: 550; line-height: 18px;\">Ver esta publicaci\u00f3n en Instagram<\/div>\n<\/div>\n<div style=\"padding: 12.5% 0;\"><\/div>\n<div style=\"display: flex; flex-direction: row; margin-bottom: 14px; align-items: center;\">\n<div>\n<div style=\"background-color: #f4f4f4; border-radius: 50%; height: 12.5px; width: 12.5px; transform: translateX(0px) translateY(7px);\"><\/div>\n<div style=\"background-color: #f4f4f4; height: 12.5px; transform: rotate(-45deg) translateX(3px) translateY(1px); width: 12.5px; flex-grow: 0; margin-right: 14px; margin-left: 2px;\"><\/div>\n<div style=\"background-color: #f4f4f4; border-radius: 50%; height: 12.5px; width: 12.5px; transform: translateX(9px) translateY(-18px);\"><\/div>\n<\/div>\n<div style=\"margin-left: 8px;\">\n<div style=\"background-color: #f4f4f4; border-radius: 50%; flex-grow: 0; height: 20px; width: 20px;\"><\/div>\n<div style=\"width: 0; height: 0; border-top: 2px solid transparent; border-left: 6px solid #f4f4f4; border-bottom: 2px solid transparent; transform: translateX(16px) translateY(-4px) rotate(30deg);\"><\/div>\n<\/div>\n<div style=\"margin-left: auto;\">\n<div style=\"width: 0px; border-top: 8px solid #F4F4F4; border-right: 8px solid transparent; transform: translateY(16px);\"><\/div>\n<div style=\"background-color: #f4f4f4; flex-grow: 0; height: 12px; width: 16px; transform: translateY(-4px);\"><\/div>\n<div style=\"width: 0; height: 0; border-top: 8px solid #F4F4F4; border-left: 8px solid transparent; transform: translateY(-4px) translateX(8px);\"><\/div>\n<\/div>\n<\/div>\n<p>&nbsp;<\/p>\n<p style=\"margin: 8px 0 0 0; padding: 0 4px;\"><a style=\"color: #000; font-family: Arial,sans-serif; font-size: 14px; font-style: normal; font-weight: normal; line-height: 17px; text-decoration: none; word-wrap: break-word;\" href=\"https:\/\/www.instagram.com\/p\/CG_BlM8Arq1\/?utm_source=ig_embed&amp;utm_campaign=loading\" target=\"_blank\" rel=\"noopener\">Con la colaboraci\u00f3n de voluntarios y con todos los protocolos correspondientes, llevamos a cabo el reacondicionamiento del frente del Jardin 914 \u201cVicente Aducci\u201d (ubicado en Lavalle y Av. avellaneda) Agradecemos a las autoridades del Jardin que nos permitieron colaborar con la pintada del frente y el corte de cesped de sus instalaciones Ya estamos pensando las pr\u00f3ximas actividades solidarias Te sum\u00e1s? \ud83d\ude4c\ud83c\udffc<\/a><\/p>\n<p style=\"color: #c9c8cd; font-family: Arial,sans-serif; font-size: 14px; line-height: 17px; margin-bottom: 0; margin-top: 8px; overflow: hidden; padding: 8px 0 7px; text-align: center; text-overflow: ellipsis; white-space: nowrap;\">Una publicaci\u00f3n compartida por <a style=\"color: #c9c8cd; font-family: Arial,sans-serif; font-size: 14px; font-style: normal; font-weight: normal; line-height: 17px;\" href=\"https:\/\/www.instagram.com\/juventudxolavarria\/?utm_source=ig_embed&amp;utm_campaign=loading\" target=\"_blank\" rel=\"noopener\"> Juventud X Olavarri\u0301a<\/a> (@juventudxolavarria) el <time style=\"font-family: Arial,sans-serif; font-size: 14px; line-height: 17px;\" datetime=\"2020-10-30T22:39:48+00:00\">30 de Oct de 2020 a las 3:39 PDT<\/time><\/p>\n<\/div>\n<\/blockquote>\n<p><script async src=\"\/\/www.instagram.com\/embed.js\"><\/script><br \/>\nLos j\u00f3venes agradecieron <em>\u201ca las autoridades del Jard\u00edn que nos permitieron colaborar con esta actividad\u201d.<\/em><\/p>\n<p>&nbsp;<\/p>\n<p><img data-recalc-dims=\"1\" loading=\"lazy\" decoding=\"async\" class=\"alignnone size-full wp-image-5793\" src=\"https:\/\/i0.wp.com\/cdnoticias.com\/wp-content\/uploads\/2020\/11\/jovenesporolavarria1.jpg?resize=425%2C270&#038;ssl=1\" alt=\"\" width=\"425\" height=\"270\" srcset=\"https:\/\/i0.wp.com\/cdnoticias.com\/wp-content\/uploads\/2020\/11\/jovenesporolavarria1.jpg?w=425&amp;ssl=1 425w, https:\/\/i0.wp.com\/cdnoticias.com\/wp-content\/uploads\/2020\/11\/jovenesporolavarria1.jpg?resize=300%2C191&amp;ssl=1 300w\" sizes=\"auto, (max-width: 425px) 100vw, 425px\" \/><\/p>\n<p><img data-recalc-dims=\"1\" loading=\"lazy\" decoding=\"async\" class=\"alignnone size-full wp-image-5794\" src=\"https:\/\/i0.wp.com\/cdnoticias.com\/wp-content\/uploads\/2020\/11\/jovenesporolavarria2.jpg?resize=426%2C345&#038;ssl=1\" alt=\"\" width=\"426\" height=\"345\" srcset=\"https:\/\/i0.wp.com\/cdnoticias.com\/wp-content\/uploads\/2020\/11\/jovenesporolavarria2.jpg?w=426&amp;ssl=1 426w, https:\/\/i0.wp.com\/cdnoticias.com\/wp-content\/uploads\/2020\/11\/jovenesporolavarria2.jpg?resize=300%2C243&amp;ssl=1 300w\" sizes=\"auto, (max-width: 426px) 100vw, 426px\" \/><\/p>\n<p>&nbsp;<\/p>\n<p>En este sentido, <strong>buscan sumar m\u00e1s actividades y movidas solidarias y para ello, buscan sumar a m\u00e1s j\u00f3venes para realizar este tipo de trabajos en instituciones de la ciudad.<\/strong> <em>\u201cCreemos que si tiramos todos juntos para el mismo lado, podemos hacer grandes cosas\u201d<\/em> se\u00f1alan en su cuenta de Instagram, <em><strong>@juventudxolavarria<\/strong><\/em>.<\/p>\n","protected":false},"excerpt":{"rendered":"<p>Un grupo de j\u00f3venes formaron una agrupaci\u00f3n solidaria y con los protocolos correspondientes, realizaron su primera actividad pintando el frente<\/p>\n","protected":false},"author":2,"featured_media":5795,"comment_status":"closed","ping_status":"closed","sticky":false,"template":"","format":"standard","meta":{"_jetpack_memberships_contains_paid_content":false,"footnotes":""},"categories":[5,1],"tags":[],"class_list":["post-5792","post","type-post","status-publish","format-standard","has-post-thumbnail","hentry","category-informacion-general","category-portada"],"jetpack_featured_media_url":"https:\/\/i0.wp.com\/cdnoticias.com\/wp-content\/uploads\/2020\/11\/jovenesporolavarria3-e1604663226162.jpg?fit=404%2C262&ssl=1","jetpack_sharing_enabled":true,"_links":{"self":[{"href":"https:\/\/cdnoticias.com\/index.php\/wp-json\/wp\/v2\/posts\/5792","targetHints":{"allow":["GET"]}}],"collection":[{"href":"https:\/\/cdnoticias.com\/index.php\/wp-json\/wp\/v2\/posts"}],"about":[{"href":"https:\/\/cdnoticias.com\/index.php\/wp-json\/wp\/v2\/types\/post"}],"author":[{"embeddable":true,"href":"https:\/\/cdnoticias.com\/index.php\/wp-json\/wp\/v2\/users\/2"}],"replies":[{"embeddable":true,"href":"https:\/\/cdnoticias.com\/index.php\/wp-json\/wp\/v2\/comments?post=5792"}],"version-history":[{"count":0,"href":"https:\/\/cdnoticias.com\/index.php\/wp-json\/wp\/v2\/posts\/5792\/revisions"}],"wp:featuredmedia":[{"embeddable":true,"href":"https:\/\/cdnoticias.com\/index.php\/wp-json\/wp\/v2\/media\/5795"}],"wp:attachment":[{"href":"https:\/\/cdnoticias.com\/index.php\/wp-json\/wp\/v2\/media?parent=5792"}],"wp:term":[{"taxonomy":"category","embeddable":true,"href":"https:\/\/cdnoticias.com\/index.php\/wp-json\/wp\/v2\/categories?post=5792"},{"taxonomy":"post_tag","embeddable":true,"href":"https:\/\/cdnoticias.com\/index.php\/wp-json\/wp\/v2\/tags?post=5792"}],"curies":[{"name":"wp","href":"https:\/\/api.w.org\/{rel}","templated":true}]}}