{"id":57915,"date":"2022-06-25T17:38:57","date_gmt":"2022-06-25T20:38:57","guid":{"rendered":"https:\/\/www.centraldenoticias.com.ar\/?p=57915"},"modified":"2022-06-25T17:38:57","modified_gmt":"2022-06-25T20:38:57","slug":"todo-listo-para-la-marcha-del-orgullo-y-festival-en-olavarria","status":"publish","type":"post","link":"https:\/\/cdnoticias.com\/index.php\/2022\/06\/25\/todo-listo-para-la-marcha-del-orgullo-y-festival-en-olavarria\/","title":{"rendered":"Todo listo para la Marcha del Orgullo y Festival en Olavarr\u00eda"},"content":{"rendered":"<p>Ser\u00e1 el 28 de junio. Habr\u00e1 concentraci\u00f3n, movilizaci\u00f3n y actividades culturales.<!--more--><\/p>\n<hr \/>\n<p>Este 28 de junio se realizar\u00e1 una marcha y festival en el marco del<strong> D\u00eda Internacional del Orgullo<\/strong> \u201cpor la ampliaci\u00f3n y el cumplimiento de derechos\u201d.<\/p>\n<p>&nbsp;<\/p>\n<p>Desde la organizaci\u00f3n del encuentro indicaron que <strong>\u201cnos arden las ganas de encontrarnos, de visibilizar nuestras identidades, de decir, de gritar \u2018Galli cumpl\u00ed con el cupo laboral trans travesti\u2019 y de luchar por las infancias libres\u201d.<\/strong><\/p>\n<p>&nbsp;<\/p>\n<p>\u201cCelebramos y luchamos porque estamos hartxs del mundo heteronormal y cis, hartxs de las violencias patriarcales y porque queremos vivir en una sociedad m\u00e1s amorosa, m\u00e1s tierna y m\u00e1s justa\u201d, concluyeron.<\/p>\n<p>&nbsp;<\/p>\n<p><img data-recalc-dims=\"1\" loading=\"lazy\" decoding=\"async\" class=\"aligncenter size-full wp-image-57916\" src=\"https:\/\/i0.wp.com\/cdnoticias.com\/wp-content\/uploads\/2022\/06\/WhatsApp-Image-2022-06-21-at-11.01.38-AM-1.jpeg?resize=800%2C800&#038;ssl=1\" alt=\"\" width=\"800\" height=\"800\" srcset=\"https:\/\/i0.wp.com\/cdnoticias.com\/wp-content\/uploads\/2022\/06\/WhatsApp-Image-2022-06-21-at-11.01.38-AM-1.jpeg?w=1080&amp;ssl=1 1080w, https:\/\/i0.wp.com\/cdnoticias.com\/wp-content\/uploads\/2022\/06\/WhatsApp-Image-2022-06-21-at-11.01.38-AM-1.jpeg?resize=300%2C300&amp;ssl=1 300w, https:\/\/i0.wp.com\/cdnoticias.com\/wp-content\/uploads\/2022\/06\/WhatsApp-Image-2022-06-21-at-11.01.38-AM-1.jpeg?resize=1024%2C1024&amp;ssl=1 1024w, https:\/\/i0.wp.com\/cdnoticias.com\/wp-content\/uploads\/2022\/06\/WhatsApp-Image-2022-06-21-at-11.01.38-AM-1.jpeg?resize=150%2C150&amp;ssl=1 150w, https:\/\/i0.wp.com\/cdnoticias.com\/wp-content\/uploads\/2022\/06\/WhatsApp-Image-2022-06-21-at-11.01.38-AM-1.jpeg?resize=768%2C768&amp;ssl=1 768w\" sizes=\"auto, (max-width: 800px) 100vw, 800px\" \/><\/p>\n<p>&nbsp;<\/p>\n<p>Seg\u00fan el cronograma, las actividades ser\u00e1n las siguiente:<\/p>\n<p>&nbsp;<\/p>\n<p><strong>-16:00 <\/strong>&#8211; Concentramos en el Paseo Jes\u00fas Mend\u00eda<\/p>\n<p>&nbsp;<\/p>\n<p><strong>-17:00<\/strong> &#8211; Marchamos.<\/p>\n<p>&nbsp;<\/p>\n<p><strong>-18:00<\/strong> &#8211; Finalizamos el recorrido en el Festival Orgulloso, en el CCU (San Mart\u00edn 1955).<\/p>\n","protected":false},"excerpt":{"rendered":"<p>Ser\u00e1 el 28 de junio. Habr\u00e1 concentraci\u00f3n, movilizaci\u00f3n y actividades culturales.<\/p>\n","protected":false},"author":5,"featured_media":57917,"comment_status":"closed","ping_status":"closed","sticky":false,"template":"","format":"standard","meta":{"_jetpack_memberships_contains_paid_content":false,"footnotes":""},"categories":[3,1],"tags":[],"class_list":["post-57915","post","type-post","status-publish","format-standard","has-post-thumbnail","hentry","category-genero","category-portada"],"jetpack_featured_media_url":"https:\/\/i0.wp.com\/cdnoticias.com\/wp-content\/uploads\/2022\/06\/marcha-orgullo.jpg?fit=1011%2C607&ssl=1","jetpack_sharing_enabled":true,"_links":{"self":[{"href":"https:\/\/cdnoticias.com\/index.php\/wp-json\/wp\/v2\/posts\/57915","targetHints":{"allow":["GET"]}}],"collection":[{"href":"https:\/\/cdnoticias.com\/index.php\/wp-json\/wp\/v2\/posts"}],"about":[{"href":"https:\/\/cdnoticias.com\/index.php\/wp-json\/wp\/v2\/types\/post"}],"author":[{"embeddable":true,"href":"https:\/\/cdnoticias.com\/index.php\/wp-json\/wp\/v2\/users\/5"}],"replies":[{"embeddable":true,"href":"https:\/\/cdnoticias.com\/index.php\/wp-json\/wp\/v2\/comments?post=57915"}],"version-history":[{"count":0,"href":"https:\/\/cdnoticias.com\/index.php\/wp-json\/wp\/v2\/posts\/57915\/revisions"}],"wp:featuredmedia":[{"embeddable":true,"href":"https:\/\/cdnoticias.com\/index.php\/wp-json\/wp\/v2\/media\/57917"}],"wp:attachment":[{"href":"https:\/\/cdnoticias.com\/index.php\/wp-json\/wp\/v2\/media?parent=57915"}],"wp:term":[{"taxonomy":"category","embeddable":true,"href":"https:\/\/cdnoticias.com\/index.php\/wp-json\/wp\/v2\/categories?post=57915"},{"taxonomy":"post_tag","embeddable":true,"href":"https:\/\/cdnoticias.com\/index.php\/wp-json\/wp\/v2\/tags?post=57915"}],"curies":[{"name":"wp","href":"https:\/\/api.w.org\/{rel}","templated":true}]}}