{"id":57906,"date":"2022-06-21T11:20:44","date_gmt":"2022-06-21T14:20:44","guid":{"rendered":"https:\/\/www.centraldenoticias.com.ar\/?p=57906"},"modified":"2022-06-21T11:20:44","modified_gmt":"2022-06-21T14:20:44","slug":"como-volver-a-ser-nina-otra-vez-se-presenta-en-olavarria","status":"publish","type":"post","link":"https:\/\/cdnoticias.com\/index.php\/2022\/06\/21\/como-volver-a-ser-nina-otra-vez-se-presenta-en-olavarria\/","title":{"rendered":"C\u00f3mo volver a ser ni\u00f1a otra vez se presenta en Olavarr\u00eda"},"content":{"rendered":"<p>La obra de teatro se realizar\u00e1 este viernes a las 21:00 con entrada libre y gratuita en el CEPEAC.<!--more--><\/p>\n<hr \/>\n<p>La obra de teatro \u201cC\u00f3mo volver a ser ni\u00f1a otra vez\u201d se presentar\u00e1 el <strong>viernes 24 de junio a las 21:00 en el CePEAC<\/strong> (Jun\u00edn y Col\u00f3n). <strong>La entrada ser\u00e1 libre y gratuita.<\/strong><\/p>\n<p>&nbsp;<\/p>\n<p>La obra de Juan Santilli es interpretada por el elenco que se form\u00f3 a partir del<strong> Proyecto Travas Diversas<\/strong>, bajo la direcci\u00f3n de Andr\u00e9s Carrera y desarrollado por el \u00c1rea de Cultura UNICEN y la Biblioteca de Dramaturgias de la Provincia de Buenos Aires a mediados del a\u00f1o 2021.<\/p>\n<p>&nbsp;<\/p>\n<p>El elenco de \u201cC\u00f3mo Volver a ser ni\u00f1a otra vez\u201d est\u00e1 formado por Facundo Gener, Pablo Cenoz, Iris Bax, Lala Mendez, Pilar Jaureguiberry, Oscar R Larregain, Mar Cabot y Ann Carrera.<\/p>\n<p>&nbsp;<\/p>\n<p>La funci\u00f3n est\u00e1 organizada por el CEPEAC y CCU de Olavarr\u00eda y cuenta con el acompa\u00f1amiento de la Facultad de Arte, Facultad de Sociales, Chesida, Programa de G\u00e9nero de la UNICEN, ABRA y Comisi\u00f3n Organizadora de la Marcha del Orgullo Olavarr\u00eda.<\/p>\n<p>&nbsp;<\/p>\n<p><img data-recalc-dims=\"1\" loading=\"lazy\" decoding=\"async\" class=\"aligncenter size-full wp-image-57913\" src=\"https:\/\/i0.wp.com\/cdnoticias.com\/wp-content\/uploads\/2022\/06\/WhatsApp-Image-2022-06-21-at-9.05.37-AM.jpeg?resize=800%2C848&#038;ssl=1\" alt=\"\" width=\"800\" height=\"848\" srcset=\"https:\/\/i0.wp.com\/cdnoticias.com\/wp-content\/uploads\/2022\/06\/WhatsApp-Image-2022-06-21-at-9.05.37-AM.jpeg?w=1042&amp;ssl=1 1042w, https:\/\/i0.wp.com\/cdnoticias.com\/wp-content\/uploads\/2022\/06\/WhatsApp-Image-2022-06-21-at-9.05.37-AM.jpeg?resize=283%2C300&amp;ssl=1 283w, https:\/\/i0.wp.com\/cdnoticias.com\/wp-content\/uploads\/2022\/06\/WhatsApp-Image-2022-06-21-at-9.05.37-AM.jpeg?resize=966%2C1024&amp;ssl=1 966w, https:\/\/i0.wp.com\/cdnoticias.com\/wp-content\/uploads\/2022\/06\/WhatsApp-Image-2022-06-21-at-9.05.37-AM.jpeg?resize=768%2C814&amp;ssl=1 768w\" sizes=\"auto, (max-width: 800px) 100vw, 800px\" \/><\/p>\n<p>&nbsp;<\/p>\n<p><strong>Sobre el Proyecto Travas Diversas<\/strong><\/p>\n<p>&nbsp;<\/p>\n<p>El taller\/laboratorio brindado en el marco del Proyecto se dict\u00f3 durante <strong>fines del 2021 y estuvo destinado a integrantes de la comunidad LGTBIQ+ de las zonas de influencia de la UNICEN.<\/strong><\/p>\n<p>&nbsp;<\/p>\n<p>El proyecto Travas Diversas se propone como un espacio orientado hacia la formaci\u00f3n art\u00edstica y la estimulaci\u00f3n para un perfil autogestivo de lxs integrantes de la comunidad. Tal es el caso de la puesta en escena de la obra \u201cComo volver a ser ni\u00f1a otra vez\u201d donde, a partir del montaje de una obra de teatro, por ejemplo, se llevaron adelante formaciones vinculadas a la creaci\u00f3n art\u00edstica y la gesti\u00f3n de proyectos art\u00edstico-culturales.<\/p>\n<p>&nbsp;<\/p>\n","protected":false},"excerpt":{"rendered":"<p>La obra de teatro se realizar\u00e1 este viernes a las 21:00 con entrada libre y gratuita en el CEPEAC.<\/p>\n","protected":false},"author":5,"featured_media":57912,"comment_status":"closed","ping_status":"closed","sticky":false,"template":"","format":"standard","meta":{"_jetpack_memberships_contains_paid_content":false,"footnotes":""},"categories":[9,1],"tags":[],"class_list":["post-57906","post","type-post","status-publish","format-standard","has-post-thumbnail","hentry","category-cultura","category-portada"],"jetpack_featured_media_url":"https:\/\/i0.wp.com\/cdnoticias.com\/wp-content\/uploads\/2022\/06\/obra-teatro.jpg?fit=1042%2C626&ssl=1","jetpack_sharing_enabled":true,"_links":{"self":[{"href":"https:\/\/cdnoticias.com\/index.php\/wp-json\/wp\/v2\/posts\/57906","targetHints":{"allow":["GET"]}}],"collection":[{"href":"https:\/\/cdnoticias.com\/index.php\/wp-json\/wp\/v2\/posts"}],"about":[{"href":"https:\/\/cdnoticias.com\/index.php\/wp-json\/wp\/v2\/types\/post"}],"author":[{"embeddable":true,"href":"https:\/\/cdnoticias.com\/index.php\/wp-json\/wp\/v2\/users\/5"}],"replies":[{"embeddable":true,"href":"https:\/\/cdnoticias.com\/index.php\/wp-json\/wp\/v2\/comments?post=57906"}],"version-history":[{"count":0,"href":"https:\/\/cdnoticias.com\/index.php\/wp-json\/wp\/v2\/posts\/57906\/revisions"}],"wp:featuredmedia":[{"embeddable":true,"href":"https:\/\/cdnoticias.com\/index.php\/wp-json\/wp\/v2\/media\/57912"}],"wp:attachment":[{"href":"https:\/\/cdnoticias.com\/index.php\/wp-json\/wp\/v2\/media?parent=57906"}],"wp:term":[{"taxonomy":"category","embeddable":true,"href":"https:\/\/cdnoticias.com\/index.php\/wp-json\/wp\/v2\/categories?post=57906"},{"taxonomy":"post_tag","embeddable":true,"href":"https:\/\/cdnoticias.com\/index.php\/wp-json\/wp\/v2\/tags?post=57906"}],"curies":[{"name":"wp","href":"https:\/\/api.w.org\/{rel}","templated":true}]}}