{"id":57888,"date":"2022-06-20T19:10:27","date_gmt":"2022-06-20T22:10:27","guid":{"rendered":"https:\/\/www.centraldenoticias.com.ar\/?p=57888"},"modified":"2022-06-21T08:20:37","modified_gmt":"2022-06-21T11:20:37","slug":"olavarria-ante-las-puertas-de-una-nueva-ola-de-frio","status":"publish","type":"post","link":"https:\/\/cdnoticias.com\/index.php\/2022\/06\/20\/olavarria-ante-las-puertas-de-una-nueva-ola-de-frio\/","title":{"rendered":"Olavarr\u00eda ante las puertas de una nueva ola de fr\u00edo"},"content":{"rendered":"<p>Durante la semana las temperaturas no superar\u00e1n los 10\u00b0. El mi\u00e9rcoles la m\u00ednima alcanzar\u00e1 los -3 grados. C\u00f3mo estar\u00e1 el tiempo durante la semana. <!--more--><\/p>\n<hr \/>\n<p>En el inicio oficial del invierno estipulado para este martes, <strong>Olavarr\u00eda tendr\u00e1 en la semana una nueva ola de fr\u00edo con temperaturas bajas y m\u00ednimas que alcanzar\u00e1n -3\u00b0 en territorio local.<\/strong><\/p>\n<p>&nbsp;<\/p>\n<p>Seg\u00fan lo estipulado por el Servicio Meteorol\u00f3gico Nacional,<strong> el martes tendr\u00e1 las temperaturas m\u00e1s \u201cbenevolentes\u201d<\/strong> con 12 grados de m\u00e1xima y 2 de m\u00ednima (aunque con fuertes vientos que podr\u00edan alcanzar los 50 km\/h), pero <strong>el mi\u00e9rcoles habr\u00e1 registro de las temperaturas m\u00e1s bajas al menos de la semana: la m\u00e1xima no superar\u00e1 los 8 grados, y la m\u00ednima ser\u00e1 de -3 grados, con vientos leves del sureste.<\/strong><\/p>\n<p>&nbsp;<\/p>\n<p>Luego de ello,<strong> la semana se mantendr\u00e1 en m\u00ednimas bajo cero y m\u00e1ximas que no superar\u00e1n los 11 grados.<\/strong> Incluso, no hay vista de una mejora considerable del tiempo dado que el extendido llega hasta el domingo pr\u00f3ximo con 10\u00b0 de m\u00e1xima.<\/p>\n<p>&nbsp;<\/p>\n<p>Con todo esto, habr\u00e1 probables heladas y sugerencias de tener cuidados a la hora de salir a la calle. <strong>\u00a1A abrigarse que lleg\u00f3 el invierno!<\/strong><\/p>\n","protected":false},"excerpt":{"rendered":"<p>Durante la semana las temperaturas no superar\u00e1n los 10\u00b0. El mi\u00e9rcoles la m\u00ednima alcanzar\u00e1 los -3 grados. C\u00f3mo estar\u00e1 el<\/p>\n","protected":false},"author":5,"featured_media":56013,"comment_status":"closed","ping_status":"closed","sticky":false,"template":"","format":"standard","meta":{"_jetpack_memberships_contains_paid_content":false,"footnotes":""},"categories":[5,1],"tags":[],"class_list":["post-57888","post","type-post","status-publish","format-standard","has-post-thumbnail","hentry","category-informacion-general","category-portada"],"jetpack_featured_media_url":"https:\/\/i0.wp.com\/cdnoticias.com\/wp-content\/uploads\/2022\/05\/frio02-scaled.jpg?fit=2560%2C1424&ssl=1","jetpack_sharing_enabled":true,"_links":{"self":[{"href":"https:\/\/cdnoticias.com\/index.php\/wp-json\/wp\/v2\/posts\/57888","targetHints":{"allow":["GET"]}}],"collection":[{"href":"https:\/\/cdnoticias.com\/index.php\/wp-json\/wp\/v2\/posts"}],"about":[{"href":"https:\/\/cdnoticias.com\/index.php\/wp-json\/wp\/v2\/types\/post"}],"author":[{"embeddable":true,"href":"https:\/\/cdnoticias.com\/index.php\/wp-json\/wp\/v2\/users\/5"}],"replies":[{"embeddable":true,"href":"https:\/\/cdnoticias.com\/index.php\/wp-json\/wp\/v2\/comments?post=57888"}],"version-history":[{"count":0,"href":"https:\/\/cdnoticias.com\/index.php\/wp-json\/wp\/v2\/posts\/57888\/revisions"}],"wp:featuredmedia":[{"embeddable":true,"href":"https:\/\/cdnoticias.com\/index.php\/wp-json\/wp\/v2\/media\/56013"}],"wp:attachment":[{"href":"https:\/\/cdnoticias.com\/index.php\/wp-json\/wp\/v2\/media?parent=57888"}],"wp:term":[{"taxonomy":"category","embeddable":true,"href":"https:\/\/cdnoticias.com\/index.php\/wp-json\/wp\/v2\/categories?post=57888"},{"taxonomy":"post_tag","embeddable":true,"href":"https:\/\/cdnoticias.com\/index.php\/wp-json\/wp\/v2\/tags?post=57888"}],"curies":[{"name":"wp","href":"https:\/\/api.w.org\/{rel}","templated":true}]}}