{"id":57886,"date":"2022-06-20T18:37:33","date_gmt":"2022-06-20T21:37:33","guid":{"rendered":"https:\/\/www.centraldenoticias.com.ar\/?p=57886"},"modified":"2022-06-20T18:37:33","modified_gmt":"2022-06-20T21:37:33","slug":"comenzaran-a-aplicar-pfizer-y-moderna-en-menores-de-cinco-anos","status":"publish","type":"post","link":"https:\/\/cdnoticias.com\/index.php\/2022\/06\/20\/comenzaran-a-aplicar-pfizer-y-moderna-en-menores-de-cinco-anos\/","title":{"rendered":"Comenzar\u00e1n a aplicar Pfizer y Moderna en menores de cinco a\u00f1os"},"content":{"rendered":"<p>Estados Unidos dar\u00e1 el primer paso tras la aprobaci\u00f3n en los Centros para el Control y Prevenci\u00f3n de Enfermedades. Se empezar\u00e1n a aplicar, adem\u00e1s, desde los 6 meses de vida. <!--more--><\/p>\n<hr \/>\n<p>Los Centros para el <strong>Control y Prevenci\u00f3n de Enfermedades (CDC) de Estados Unidos autorizaron las vacunas contra el SARS-CoV-2 de Pfizer y Moderna para ni\u00f1os de entre seis meses y cinco a\u00f1os,<\/strong> luego que la Administraci\u00f3n de Alimentos y Medicamentos de Estados Unidos (FDA) las permitiera para su uso de emergencia.<\/p>\n<p>&nbsp;<\/p>\n<p>As\u00ed, <strong>Estados Unidos se convirti\u00f3 en el primer pa\u00eds en aprobar el uso de inoculantes de ARN mensajero para ni\u00f1os desde los seis meses de edad<\/strong>, algo que el presidente Joe Biden tild\u00f3 de \u201cpaso monumental\u201d en la lucha contra el virus.<\/p>\n<p>&nbsp;<\/p>\n<p><em>\u201cSabemos que millones de padres y cuidadores est\u00e1n ansiosos por vacunar a sus ni\u00f1os peque\u00f1os, y con la decisi\u00f3n de hoy, ya es posible\u201d<\/em>, asegur\u00f3 Rochelle Walensky, directora de los CDC.<\/p>\n<p>&nbsp;<\/p>\n<p>Se estima que desde<strong> la pr\u00f3xima semana comenzar\u00e1n a aplicarse las vacunas en centros de salud, vacunatorios y farmacias.<\/strong><\/p>\n","protected":false},"excerpt":{"rendered":"<p>Estados Unidos dar\u00e1 el primer paso tras la aprobaci\u00f3n en los Centros para el Control y Prevenci\u00f3n de Enfermedades. Se<\/p>\n","protected":false},"author":5,"featured_media":51281,"comment_status":"closed","ping_status":"closed","sticky":false,"template":"","format":"standard","meta":{"_jetpack_memberships_contains_paid_content":false,"footnotes":""},"categories":[6,1],"tags":[],"class_list":["post-57886","post","type-post","status-publish","format-standard","has-post-thumbnail","hentry","category-nacionales","category-portada"],"jetpack_featured_media_url":"https:\/\/i0.wp.com\/cdnoticias.com\/wp-content\/uploads\/2022\/04\/Salud-Vacunacion.jpg?fit=624%2C454&ssl=1","jetpack_sharing_enabled":true,"_links":{"self":[{"href":"https:\/\/cdnoticias.com\/index.php\/wp-json\/wp\/v2\/posts\/57886","targetHints":{"allow":["GET"]}}],"collection":[{"href":"https:\/\/cdnoticias.com\/index.php\/wp-json\/wp\/v2\/posts"}],"about":[{"href":"https:\/\/cdnoticias.com\/index.php\/wp-json\/wp\/v2\/types\/post"}],"author":[{"embeddable":true,"href":"https:\/\/cdnoticias.com\/index.php\/wp-json\/wp\/v2\/users\/5"}],"replies":[{"embeddable":true,"href":"https:\/\/cdnoticias.com\/index.php\/wp-json\/wp\/v2\/comments?post=57886"}],"version-history":[{"count":0,"href":"https:\/\/cdnoticias.com\/index.php\/wp-json\/wp\/v2\/posts\/57886\/revisions"}],"wp:featuredmedia":[{"embeddable":true,"href":"https:\/\/cdnoticias.com\/index.php\/wp-json\/wp\/v2\/media\/51281"}],"wp:attachment":[{"href":"https:\/\/cdnoticias.com\/index.php\/wp-json\/wp\/v2\/media?parent=57886"}],"wp:term":[{"taxonomy":"category","embeddable":true,"href":"https:\/\/cdnoticias.com\/index.php\/wp-json\/wp\/v2\/categories?post=57886"},{"taxonomy":"post_tag","embeddable":true,"href":"https:\/\/cdnoticias.com\/index.php\/wp-json\/wp\/v2\/tags?post=57886"}],"curies":[{"name":"wp","href":"https:\/\/api.w.org\/{rel}","templated":true}]}}