{"id":57884,"date":"2022-06-20T17:47:16","date_gmt":"2022-06-20T20:47:16","guid":{"rendered":"https:\/\/www.centraldenoticias.com.ar\/?p=57884"},"modified":"2022-06-21T08:38:59","modified_gmt":"2022-06-21T11:38:59","slug":"tras-el-fin-de-semana-largo-la-provincia-confirmo-un-movimiento-de-mas-de-1-300-000-turistas","status":"publish","type":"post","link":"https:\/\/cdnoticias.com\/index.php\/2022\/06\/20\/tras-el-fin-de-semana-largo-la-provincia-confirmo-un-movimiento-de-mas-de-1-300-000-turistas\/","title":{"rendered":"Tras el fin de semana largo, la Provincia confirm\u00f3 un movimiento de m\u00e1s de 1.300.000 turistas"},"content":{"rendered":"<p>La afluencia de visitantes en destinos bonaerenses fue de un 114% m\u00e1s en comparaci\u00f3n al fin de semana largo de junio de 2019, antes de la pandemia.<!--more--><\/p>\n<hr \/>\n<p>En el \u00faltimo d\u00eda del fin de semana extra largo y en los primeros balances, el Ministerio de Producci\u00f3n, Ciencia e Innovaci\u00f3n Tecnol\u00f3gica bonaerense inform\u00f3 que<strong> m\u00e1s de 1.300.000 visitantes eligieron destinos de la Provincia durante el \u00faltimo fin de semana largo.<\/strong><\/p>\n<p>&nbsp;<\/p>\n<p>Con esos n\u00fameros<strong>, la provincia de Buenos Aires recibi\u00f3 un 114% m\u00e1s de visitantes si se compara con el \u00faltimo fin de semana largo de junio de 2019, antes de la pandemia, y que fue de tres d\u00edas<\/strong>. Esta afluencia tur\u00edstica<em> \u201creafirma la reactivaci\u00f3n del sector tur\u00edstico bonaerense, que viene de concretar la mejor temporada de verano en una d\u00e9cada y que se prepara con las mejores perspectivas de cara a las vacaciones de inverno\u201d<\/em> indicaron desde la cartera bonaerense.<\/p>\n<p>&nbsp;<\/p>\n<p><em>\u201cEl sector tur\u00edstico fue muy golpeado durante la pandemia y por eso desde el gobierno provincial trabajamos intensamente para lograr extender la temporada a trav\u00e9s de distintos programas y herramientas, generando trabajo y actividad econ\u00f3mica. <strong>Estos son n\u00fameros que nos entusiasman con vistas a una nueva temporada de invierno que promete ser muy buena como fue la de verano<\/strong>\u201d<\/em>, manifest\u00f3 el ministro de Producci\u00f3n bonaerense, Augusto Costa.<\/p>\n<p>&nbsp;<\/p>\n<p>Los resultados del relevamiento provincial implican<strong> 697.404 turistas, que se suman a 628.459 excursionistas, que gastaron alrededor de 19.500 millones de pesos.<\/strong> Si se compara con el periodo antes mencionado, los visitantes gastaron un 35,4 % m\u00e1s de dinero durante su descanso.<\/p>\n<p>&nbsp;<\/p>\n<blockquote><p>Los municipios que m\u00e1s turistas recibieron durante el feriado fueron General Pueyrred\u00f3n (212.000), La Costa (151.000), Villa Gesell (97.000), Pinamar (96.000), Alvarado (37.000) y Tandil (35.000).<\/p>\n<p>&nbsp;<\/p><\/blockquote>\n<p>En tanto<strong>, el promedio provincial de ocupaci\u00f3n hotelera fue del 95% en la zona serrana y del 90% en zonas urbanas como La Plata y Bah\u00eda Blanca.<\/strong> En tanto, en las zonas costeras como Mar del Plata, Villa Gesell y Pinamar, oscil\u00f3 entre el 65 y 75%.<\/p>\n<p>&nbsp;<\/p>\n<p>Adem\u00e1s, como parte de su pol\u00edtica de Turismo Todo el A\u00f1o<strong>, la Provincia lleva adelante diversas herramientas para promover los atractivos tur\u00edsticos de los distintos municipios<\/strong>, como la realizaci\u00f3n de los Viajes de Fin de Curso en destinos bonaerenses durante la \u201ctemporada baja\u201d; como el respaldo econ\u00f3mico a las fiestas populares, que generan actividad en comercios, PyMEs y cooperativas y regionales; o como la promoci\u00f3n de calendarios de festividades, de oferta tur\u00edstica y de agenda cultural a trav\u00e9s de la plataforma ReCreo.<\/p>\n","protected":false},"excerpt":{"rendered":"<p>La afluencia de visitantes en destinos bonaerenses fue de un 114% m\u00e1s en comparaci\u00f3n al fin de semana largo de<\/p>\n","protected":false},"author":5,"featured_media":8032,"comment_status":"closed","ping_status":"closed","sticky":false,"template":"","format":"standard","meta":{"_jetpack_memberships_contains_paid_content":false,"footnotes":""},"categories":[6],"tags":[],"class_list":["post-57884","post","type-post","status-publish","format-standard","has-post-thumbnail","hentry","category-nacionales"],"jetpack_featured_media_url":"https:\/\/i0.wp.com\/cdnoticias.com\/wp-content\/uploads\/2020\/12\/5fbe2a9d3b35e_1004x565.jpg?fit=1004%2C565&ssl=1","jetpack_sharing_enabled":true,"_links":{"self":[{"href":"https:\/\/cdnoticias.com\/index.php\/wp-json\/wp\/v2\/posts\/57884","targetHints":{"allow":["GET"]}}],"collection":[{"href":"https:\/\/cdnoticias.com\/index.php\/wp-json\/wp\/v2\/posts"}],"about":[{"href":"https:\/\/cdnoticias.com\/index.php\/wp-json\/wp\/v2\/types\/post"}],"author":[{"embeddable":true,"href":"https:\/\/cdnoticias.com\/index.php\/wp-json\/wp\/v2\/users\/5"}],"replies":[{"embeddable":true,"href":"https:\/\/cdnoticias.com\/index.php\/wp-json\/wp\/v2\/comments?post=57884"}],"version-history":[{"count":0,"href":"https:\/\/cdnoticias.com\/index.php\/wp-json\/wp\/v2\/posts\/57884\/revisions"}],"wp:featuredmedia":[{"embeddable":true,"href":"https:\/\/cdnoticias.com\/index.php\/wp-json\/wp\/v2\/media\/8032"}],"wp:attachment":[{"href":"https:\/\/cdnoticias.com\/index.php\/wp-json\/wp\/v2\/media?parent=57884"}],"wp:term":[{"taxonomy":"category","embeddable":true,"href":"https:\/\/cdnoticias.com\/index.php\/wp-json\/wp\/v2\/categories?post=57884"},{"taxonomy":"post_tag","embeddable":true,"href":"https:\/\/cdnoticias.com\/index.php\/wp-json\/wp\/v2\/tags?post=57884"}],"curies":[{"name":"wp","href":"https:\/\/api.w.org\/{rel}","templated":true}]}}