{"id":57832,"date":"2022-06-19T19:37:50","date_gmt":"2022-06-19T22:37:50","guid":{"rendered":"https:\/\/www.centraldenoticias.com.ar\/?p=57832"},"modified":"2022-06-19T19:37:50","modified_gmt":"2022-06-19T22:37:50","slug":"el-acto-por-el-dia-de-la-bandera-se-realizara-en-la-plaza-manuel-belgrano","status":"publish","type":"post","link":"https:\/\/cdnoticias.com\/index.php\/2022\/06\/19\/el-acto-por-el-dia-de-la-bandera-se-realizara-en-la-plaza-manuel-belgrano\/","title":{"rendered":"El acto por el D\u00eda de la Bandera se realizar\u00e1 en la Plaza Manuel Belgrano"},"content":{"rendered":"<p>En la oportunidad se realizar\u00e1 la tradicional Promesa de Lealtad a la ense\u00f1a patria.<!--more--><\/p>\n<hr \/>\n<p>&nbsp;<\/p>\n<p>Desde la Direcci\u00f3n de Ceremonial y Protocolo se inform\u00f3 el cambio de locaci\u00f3n para la realizaci\u00f3n del acto oficial por el D\u00eda de la Bandera: el mismo se realizar\u00e1 en la <strong>Plaza Manuel Belgrano, ubicado en las calles Buchardo y Rivadavia<\/strong> este <strong>lunes 20 de junio a las 11:00<\/strong>. La concentraci\u00f3n en el lugar ser\u00e1 a las 10:00.<\/p>\n<p>&nbsp;<\/p>\n<p>En la oportunidad<strong> se realizar\u00e1 la tradicional Promesa de Lealtad a la ense\u00f1a patria.<\/strong><\/p>\n<p>&nbsp;<\/p>\n<p>Se convoc\u00f3 a <strong>establecimientos educativos a participar<\/strong>. Deber\u00e1n confirmar su participaci\u00f3n a trav\u00e9s del correo ceremonialyptotocolo@olavarria.gov.ar, donde conste un tel\u00e9fono de contacto,\u00a0 nombre de la\/el responsable de la instituci\u00f3n, as\u00ed como tambi\u00e9n la cantidad aproximada de alumnos\/as que conformar\u00e1n la delegaci\u00f3n.<\/p>\n<p>&nbsp;<\/p>\n<p>El cronograma se iniciar\u00e1 a las 10:00 con la concentraci\u00f3n de las instituciones para adoptar el dispositivo de formaci\u00f3n previo a la ceremonia. En la ocasi\u00f3n se servir\u00e1 un chocolate. <strong>En tanto que a las 11:00 ser\u00e1 la hora de inicio del acto oficial, con la ceremonia de promesa y juramento a la bandera.<\/strong><\/p>\n<p><strong>\u00a0<\/strong><\/p>\n","protected":false},"excerpt":{"rendered":"<p>En la oportunidad se realizar\u00e1 la tradicional Promesa de Lealtad a la ense\u00f1a patria.<\/p>\n","protected":false},"author":6,"featured_media":57833,"comment_status":"closed","ping_status":"closed","sticky":false,"template":"","format":"standard","meta":{"_jetpack_memberships_contains_paid_content":false,"footnotes":""},"categories":[5,1],"tags":[],"class_list":["post-57832","post","type-post","status-publish","format-standard","has-post-thumbnail","hentry","category-informacion-general","category-portada"],"jetpack_featured_media_url":"https:\/\/i0.wp.com\/cdnoticias.com\/wp-content\/uploads\/2022\/06\/Plaza-Manuel-Belgrano-1-1024x683-2.jpg?fit=1024%2C683&ssl=1","jetpack_sharing_enabled":true,"_links":{"self":[{"href":"https:\/\/cdnoticias.com\/index.php\/wp-json\/wp\/v2\/posts\/57832","targetHints":{"allow":["GET"]}}],"collection":[{"href":"https:\/\/cdnoticias.com\/index.php\/wp-json\/wp\/v2\/posts"}],"about":[{"href":"https:\/\/cdnoticias.com\/index.php\/wp-json\/wp\/v2\/types\/post"}],"author":[{"embeddable":true,"href":"https:\/\/cdnoticias.com\/index.php\/wp-json\/wp\/v2\/users\/6"}],"replies":[{"embeddable":true,"href":"https:\/\/cdnoticias.com\/index.php\/wp-json\/wp\/v2\/comments?post=57832"}],"version-history":[{"count":0,"href":"https:\/\/cdnoticias.com\/index.php\/wp-json\/wp\/v2\/posts\/57832\/revisions"}],"wp:featuredmedia":[{"embeddable":true,"href":"https:\/\/cdnoticias.com\/index.php\/wp-json\/wp\/v2\/media\/57833"}],"wp:attachment":[{"href":"https:\/\/cdnoticias.com\/index.php\/wp-json\/wp\/v2\/media?parent=57832"}],"wp:term":[{"taxonomy":"category","embeddable":true,"href":"https:\/\/cdnoticias.com\/index.php\/wp-json\/wp\/v2\/categories?post=57832"},{"taxonomy":"post_tag","embeddable":true,"href":"https:\/\/cdnoticias.com\/index.php\/wp-json\/wp\/v2\/tags?post=57832"}],"curies":[{"name":"wp","href":"https:\/\/api.w.org\/{rel}","templated":true}]}}