{"id":57807,"date":"2022-06-19T20:31:34","date_gmt":"2022-06-19T23:31:34","guid":{"rendered":"https:\/\/www.centraldenoticias.com.ar\/?p=57807"},"modified":"2022-06-20T08:41:00","modified_gmt":"2022-06-20T11:41:00","slug":"v-jornada-de-periodismo-fortalecer-estas-voces-es-fortalecer-la-democracia","status":"publish","type":"post","link":"https:\/\/cdnoticias.com\/index.php\/2022\/06\/19\/v-jornada-de-periodismo-fortalecer-estas-voces-es-fortalecer-la-democracia\/","title":{"rendered":"V Jornada de Periodismo: &#8220;fortalecer estas voces es fortalecer la democracia&#8221;"},"content":{"rendered":"<p>As\u00ed lo indic\u00f3 Exequiel Alonso, Licenciado en Comunicaci\u00f3n de la Facultad de Ciencias Sociales e integrante del Observatorio de Medios.<br \/>\n<!--more--><\/p>\n<hr \/>\n<p>&nbsp;<\/p>\n<p>Este pasado jueves se realiz\u00f3 en el SUM del Edificio de Aulas Comunes de la Facultad de Ciencias Sociales, la <b>V Jornada de Periodismo en el marco de las actividades por el d\u00eda de las y los periodistas.<\/b><\/p>\n<p>&nbsp;<\/p>\n<p>A partir de las 14:30 y ante un gran marco de p\u00fablico donde estuvieron presentes estudiantes, docentes e invitados se present\u00f3<strong> un dec\u00e1logo para el tratamiento de noticias en contextos de incertidumbres <\/strong>el cual fue elaborado por investigadores del Observatorio de Medios y periodistas locales, as\u00ed como tambi\u00e9n de la ciudad de Tandil.<\/p>\n<p>&nbsp;<\/p>\n<p><img data-recalc-dims=\"1\" loading=\"lazy\" decoding=\"async\" class=\"aligncenter wp-image-57809 size-full\" src=\"https:\/\/i0.wp.com\/cdnoticias.com\/wp-content\/uploads\/2022\/06\/WhatsApp-Image-2022-06-19-at-4.08.34-PM.jpeg?resize=720%2C836&#038;ssl=1\" alt=\"\" width=\"720\" height=\"836\" srcset=\"https:\/\/i0.wp.com\/cdnoticias.com\/wp-content\/uploads\/2022\/06\/WhatsApp-Image-2022-06-19-at-4.08.34-PM.jpeg?w=720&amp;ssl=1 720w, https:\/\/i0.wp.com\/cdnoticias.com\/wp-content\/uploads\/2022\/06\/WhatsApp-Image-2022-06-19-at-4.08.34-PM.jpeg?resize=258%2C300&amp;ssl=1 258w\" sizes=\"auto, (max-width: 720px) 100vw, 720px\" \/><\/p>\n<p>&nbsp;<\/p>\n<p>Luego, se realiz\u00f3 de <strong>manera virtual una charla con la doctora\u00a0Ammina Kothari<\/strong>\u00a0(<strong>Universidad de Rhode Island, New York, Estados Unidos<\/strong>) quien expuso sobre \u00a0\u201cInteligencia artificial y periodismo: el impacto de esta tecnolog\u00eda en las redacciones\u201d. Los y las estudiantes locales realizaron preguntas y mostraron inquietudes sobre el tema, generando un intercambio de opiniones diversas.<\/p>\n<p>&nbsp;<\/p>\n<p><img data-recalc-dims=\"1\" loading=\"lazy\" decoding=\"async\" class=\"aligncenter wp-image-57810 size-full\" src=\"https:\/\/i0.wp.com\/cdnoticias.com\/wp-content\/uploads\/2022\/06\/WhatsApp-Image-2022-06-19-at-4.08.35-PM.jpeg?resize=576%2C468&#038;ssl=1\" alt=\"\" width=\"576\" height=\"468\" srcset=\"https:\/\/i0.wp.com\/cdnoticias.com\/wp-content\/uploads\/2022\/06\/WhatsApp-Image-2022-06-19-at-4.08.35-PM.jpeg?w=576&amp;ssl=1 576w, https:\/\/i0.wp.com\/cdnoticias.com\/wp-content\/uploads\/2022\/06\/WhatsApp-Image-2022-06-19-at-4.08.35-PM.jpeg?resize=300%2C244&amp;ssl=1 300w\" sizes=\"auto, (max-width: 576px) 100vw, 576px\" \/><\/p>\n<p>&nbsp;<\/p>\n<p>Por \u00faltimo, el doctor<strong> Mart\u00edn Becerra<\/strong> cerr\u00f3 la jornada con su exposici\u00f3n &#8221;\u00a0<strong>\u201cPlataformas digitales e Inteligencia Artificial: desaf\u00edos para pensar la profesi\u00f3n<\/strong>\u201d la cual tambi\u00e9n tuvo un gran intercambio de dudas y opiniones junto a estudiantes y docentes.<\/p>\n<p>&nbsp;<\/p>\n<p><img data-recalc-dims=\"1\" loading=\"lazy\" decoding=\"async\" class=\"aligncenter wp-image-57811 size-large\" src=\"https:\/\/i0.wp.com\/cdnoticias.com\/wp-content\/uploads\/2022\/06\/WhatsApp-Image-2022-06-19-at-4.07.18-PM.jpeg?resize=800%2C600&#038;ssl=1\" alt=\"\" width=\"800\" height=\"600\" srcset=\"https:\/\/i0.wp.com\/cdnoticias.com\/wp-content\/uploads\/2022\/06\/WhatsApp-Image-2022-06-19-at-4.07.18-PM.jpeg?resize=1024%2C768&amp;ssl=1 1024w, https:\/\/i0.wp.com\/cdnoticias.com\/wp-content\/uploads\/2022\/06\/WhatsApp-Image-2022-06-19-at-4.07.18-PM.jpeg?resize=300%2C225&amp;ssl=1 300w, https:\/\/i0.wp.com\/cdnoticias.com\/wp-content\/uploads\/2022\/06\/WhatsApp-Image-2022-06-19-at-4.07.18-PM.jpeg?resize=768%2C576&amp;ssl=1 768w, https:\/\/i0.wp.com\/cdnoticias.com\/wp-content\/uploads\/2022\/06\/WhatsApp-Image-2022-06-19-at-4.07.18-PM.jpeg?w=1280&amp;ssl=1 1280w\" sizes=\"auto, (max-width: 800px) 100vw, 800px\" \/><\/p>\n<p>&nbsp;<\/p>\n<p><em><strong>Central de Noticias<\/strong><\/em> dialog\u00f3 con <strong>Exequiel Alonso<\/strong>, Licenciado en Comunicaci\u00f3n de la Facultad de Ciencias Sociales e integrante del Observatorio de Medios quien coment\u00f3 que <strong>&#8220;son importantes estos espacios porque nos permiten reflexionar respecto a todo aquello que puede formar parte de nuestra profesi\u00f3n de ac\u00e1 en los pr\u00f3ximos a\u00f1os,<\/strong> era un poco la propuesta de esta jornada, pensar en la inteligencia artificial y pensar en las plataformas&#8221;.<\/p>\n<p>&nbsp;<\/p>\n<p>Adem\u00e1s agreg\u00f3 que &#8220;todav\u00eda es algo que es muy incipiente en nuestro pa\u00eds y en nuestros medios locales que tanto nos preocupan desde el Observatorio de Medios, pero estamos abriendo este debate posible el cual es un debate colectivo con los y las estudiantes, con nuestros profesores de las carreras, con nuestro equipo de la facultad y con nuestros invitados&#8221; .<\/p>\n<p>&nbsp;<\/p>\n<p>&#8220;Est\u00e1 bueno<strong> empezar a pensar por d\u00f3nde va el periodismo y c\u00f3mo podemos fortalecerlo, porque sin duda es necesario. Sobre todo en nuestros medios locales. Fortalecer estas voces es fortalecer la democracia.<\/strong> Lo que me llevo del encuentro son aprendizajes, un mont\u00f3n de preguntas e intervenciones de los y las estudiantes. <strong>Es interesante saber qu\u00e9 est\u00e1n pensando, c\u00f3mo est\u00e1n viendo su futura inserci\u00f3n, su profesi\u00f3n<\/strong>. Tambi\u00e9n me llevo el trabajo colectivo en estas jornadas que nutren a la facultad.<strong> Todos estos espacios de debate son muy necesarios y los tenemos que hacer mucho m\u00e1s seguido<\/strong>&#8221; remarc\u00f3 Alonso.<\/p>\n<p>&nbsp;<\/p>\n<p>Por otro lado,<strong><em> Central de Noticias<\/em><\/strong> dialog\u00f3 con <strong>Mar\u00eda Victoria Ennis,<\/strong> periodista cient\u00edfica, integrante del Observatorio de Medios y docente de FACSO quien explic\u00f3 que &#8220;la jornada atraves\u00f3 las tres dimensiones geogr\u00e1ficas. Va de lo local, a la nacional y a lo internacional. Los trabajos y expositores que tuvimos mostraron el panorama en esas tres escalas. Es interesante ver c\u00f3mo est\u00e1n conectadas, porque <strong>no es casualidad que estamos viendo una enorme precarizaci\u00f3n en lo local<\/strong> que se traduce despu\u00e9s en un incremento cada vez a mayor escala de la injerencia y el perjuicio (m\u00e1s que el beneficio) de la inteligencia artificial en el periodismo&#8221;.<\/p>\n<p>&nbsp;<\/p>\n<p><img data-recalc-dims=\"1\" loading=\"lazy\" decoding=\"async\" class=\"aligncenter wp-image-57819 size-large\" src=\"https:\/\/i0.wp.com\/cdnoticias.com\/wp-content\/uploads\/2022\/06\/5c80bf54-c935-4314-a27d-96a991567438.jpg?resize=800%2C600&#038;ssl=1\" alt=\"\" width=\"800\" height=\"600\" srcset=\"https:\/\/i0.wp.com\/cdnoticias.com\/wp-content\/uploads\/2022\/06\/5c80bf54-c935-4314-a27d-96a991567438.jpg?resize=1024%2C768&amp;ssl=1 1024w, https:\/\/i0.wp.com\/cdnoticias.com\/wp-content\/uploads\/2022\/06\/5c80bf54-c935-4314-a27d-96a991567438.jpg?resize=300%2C225&amp;ssl=1 300w, https:\/\/i0.wp.com\/cdnoticias.com\/wp-content\/uploads\/2022\/06\/5c80bf54-c935-4314-a27d-96a991567438.jpg?resize=768%2C576&amp;ssl=1 768w, https:\/\/i0.wp.com\/cdnoticias.com\/wp-content\/uploads\/2022\/06\/5c80bf54-c935-4314-a27d-96a991567438.jpg?resize=1536%2C1152&amp;ssl=1 1536w, https:\/\/i0.wp.com\/cdnoticias.com\/wp-content\/uploads\/2022\/06\/5c80bf54-c935-4314-a27d-96a991567438.jpg?w=1600&amp;ssl=1 1600w\" sizes=\"auto, (max-width: 800px) 100vw, 800px\" \/><\/p>\n<p>&nbsp;<\/p>\n<p>&#8220;<strong>Esto tiene que importar a las audiencias porque un perjuicio en la calidad period\u00edstica, es un perjuicio en el derecho en la informaci\u00f3n. Eso redunda a su vez en un perjuicio para el ejercicio de la ciudadan\u00eda y el ejercicio democr\u00e1tico<\/strong>. Hay que empezar (ya es tarde) pero m\u00e1s no podemos esperar, en una regulaci\u00f3n de las plataformas y de estos grandes conglomerados que manejan datos y que no siempre son a nuestro favor&#8221; agreg\u00f3 Ennis.<\/p>\n<p>&nbsp;<\/p>\n<p>Por \u00faltimo, celebr\u00f3 que el encuentro vuelva a ser presencial ya que <strong>&#8220;es s\u00faper beneficioso y permite un intercambio m\u00e1s relajado y completo en la comunicaci\u00f3n y en la reflexi\u00f3n&#8221;.<\/strong><\/p>\n<p>&nbsp;<\/p>\n<p>&nbsp;<\/p>\n<p>&nbsp;<\/p>\n","protected":false},"excerpt":{"rendered":"<p>As\u00ed lo indic\u00f3 Exequiel Alonso, Licenciado en Comunicaci\u00f3n de la Facultad de Ciencias Sociales e integrante del Observatorio de Medios.<\/p>\n","protected":false},"author":6,"featured_media":13856,"comment_status":"closed","ping_status":"closed","sticky":false,"template":"","format":"standard","meta":{"_jetpack_memberships_contains_paid_content":false,"footnotes":""},"categories":[5,1],"tags":[],"class_list":["post-57807","post","type-post","status-publish","format-standard","has-post-thumbnail","hentry","category-informacion-general","category-portada"],"jetpack_featured_media_url":"https:\/\/i0.wp.com\/cdnoticias.com\/wp-content\/uploads\/2021\/02\/Ley-Teletrabajo-Alonso-CDN.jpg?fit=4608%2C3072&ssl=1","jetpack_sharing_enabled":true,"_links":{"self":[{"href":"https:\/\/cdnoticias.com\/index.php\/wp-json\/wp\/v2\/posts\/57807","targetHints":{"allow":["GET"]}}],"collection":[{"href":"https:\/\/cdnoticias.com\/index.php\/wp-json\/wp\/v2\/posts"}],"about":[{"href":"https:\/\/cdnoticias.com\/index.php\/wp-json\/wp\/v2\/types\/post"}],"author":[{"embeddable":true,"href":"https:\/\/cdnoticias.com\/index.php\/wp-json\/wp\/v2\/users\/6"}],"replies":[{"embeddable":true,"href":"https:\/\/cdnoticias.com\/index.php\/wp-json\/wp\/v2\/comments?post=57807"}],"version-history":[{"count":0,"href":"https:\/\/cdnoticias.com\/index.php\/wp-json\/wp\/v2\/posts\/57807\/revisions"}],"wp:featuredmedia":[{"embeddable":true,"href":"https:\/\/cdnoticias.com\/index.php\/wp-json\/wp\/v2\/media\/13856"}],"wp:attachment":[{"href":"https:\/\/cdnoticias.com\/index.php\/wp-json\/wp\/v2\/media?parent=57807"}],"wp:term":[{"taxonomy":"category","embeddable":true,"href":"https:\/\/cdnoticias.com\/index.php\/wp-json\/wp\/v2\/categories?post=57807"},{"taxonomy":"post_tag","embeddable":true,"href":"https:\/\/cdnoticias.com\/index.php\/wp-json\/wp\/v2\/tags?post=57807"}],"curies":[{"name":"wp","href":"https:\/\/api.w.org\/{rel}","templated":true}]}}