{"id":57795,"date":"2022-06-19T14:17:34","date_gmt":"2022-06-19T17:17:34","guid":{"rendered":"https:\/\/www.centraldenoticias.com.ar\/?p=57795"},"modified":"2022-06-19T17:30:39","modified_gmt":"2022-06-19T20:30:39","slug":"herido-de-un-puntazo-esta-internado-grave","status":"publish","type":"post","link":"https:\/\/cdnoticias.com\/index.php\/2022\/06\/19\/herido-de-un-puntazo-esta-internado-grave\/","title":{"rendered":"Herido de un puntazo: est\u00e1 internado grave"},"content":{"rendered":"<p>Fue esta madrugada en Urquiza al 3800. Se presume que el ataque se dio durante una pelea.<!--more--><\/p>\n<hr \/>\n<p><strong>Un hombre result\u00f3 herido de un puntazo en la madrugada de este domingo<\/strong> y se encuentra internado en el Hospital Municipal.<\/p>\n<p>&nbsp;<\/p>\n<p>Recibi\u00f3 <strong>un puntazo en el pecho<\/strong> con lo que fue trasladado al centro de salud donde <strong>se encuentra internado en grave estado<\/strong>.<\/p>\n<p>&nbsp;<\/p>\n<p>Seg\u00fan se pudo confirmar,<strong> los hechos se dieron en Urquiza al 3800.<\/strong> Se presume que la v\u00edctima fue atacada con un elemento cortante durante una pelea. Lo sucedido a\u00fan es materia de investigaci\u00f3n por parte de personal de la Comisar\u00eda Segunda.<\/p>\n","protected":false},"excerpt":{"rendered":"<p>Fue esta madrugada en Urquiza al 3800. Se presume que el ataque se dio durante una pelea.<\/p>\n","protected":false},"author":4,"featured_media":39506,"comment_status":"closed","ping_status":"closed","sticky":false,"template":"","format":"standard","meta":{"_jetpack_memberships_contains_paid_content":false,"footnotes":""},"categories":[14,1],"tags":[],"class_list":["post-57795","post","type-post","status-publish","format-standard","has-post-thumbnail","hentry","category-policiales","category-portada"],"jetpack_featured_media_url":"https:\/\/i0.wp.com\/cdnoticias.com\/wp-content\/uploads\/2021\/11\/hospital-guardia-4.jpg?fit=800%2C445&ssl=1","jetpack_sharing_enabled":true,"_links":{"self":[{"href":"https:\/\/cdnoticias.com\/index.php\/wp-json\/wp\/v2\/posts\/57795","targetHints":{"allow":["GET"]}}],"collection":[{"href":"https:\/\/cdnoticias.com\/index.php\/wp-json\/wp\/v2\/posts"}],"about":[{"href":"https:\/\/cdnoticias.com\/index.php\/wp-json\/wp\/v2\/types\/post"}],"author":[{"embeddable":true,"href":"https:\/\/cdnoticias.com\/index.php\/wp-json\/wp\/v2\/users\/4"}],"replies":[{"embeddable":true,"href":"https:\/\/cdnoticias.com\/index.php\/wp-json\/wp\/v2\/comments?post=57795"}],"version-history":[{"count":0,"href":"https:\/\/cdnoticias.com\/index.php\/wp-json\/wp\/v2\/posts\/57795\/revisions"}],"wp:featuredmedia":[{"embeddable":true,"href":"https:\/\/cdnoticias.com\/index.php\/wp-json\/wp\/v2\/media\/39506"}],"wp:attachment":[{"href":"https:\/\/cdnoticias.com\/index.php\/wp-json\/wp\/v2\/media?parent=57795"}],"wp:term":[{"taxonomy":"category","embeddable":true,"href":"https:\/\/cdnoticias.com\/index.php\/wp-json\/wp\/v2\/categories?post=57795"},{"taxonomy":"post_tag","embeddable":true,"href":"https:\/\/cdnoticias.com\/index.php\/wp-json\/wp\/v2\/tags?post=57795"}],"curies":[{"name":"wp","href":"https:\/\/api.w.org\/{rel}","templated":true}]}}