{"id":57741,"date":"2022-06-18T19:59:49","date_gmt":"2022-06-18T22:59:49","guid":{"rendered":"https:\/\/www.centraldenoticias.com.ar\/?p=57741"},"modified":"2022-06-18T19:59:49","modified_gmt":"2022-06-18T22:59:49","slug":"nueva-convocatoria-para-integrar-la-orquesta-escuela-municipal","status":"publish","type":"post","link":"https:\/\/cdnoticias.com\/index.php\/2022\/06\/18\/nueva-convocatoria-para-integrar-la-orquesta-escuela-municipal\/","title":{"rendered":"Nueva convocatoria para integrar la Orquesta Escuela Municipal"},"content":{"rendered":"<p>Est\u00e1 destinada a ni\u00f1os, adolescentes y j\u00f3venes de entre 7 a 18 a\u00f1os. Los detalles. <!--more--><\/p>\n<hr \/>\n<p>&nbsp;<\/p>\n<p>Desde la <strong>Subsecretar\u00eda de Cultura y Educaci\u00f3n<\/strong> de la Municipalidad de Olavarr\u00eda se convoca a <strong>participar de la Orquesta Escuela Municipal.<\/strong><\/p>\n<p>&nbsp;<\/p>\n<p>La invitaci\u00f3n est\u00e1 destinada a <strong>ni\u00f1os, adolescentes y j\u00f3venes de entre 7 a 18 a\u00f1os<\/strong> que interpreten los siguientes instrumentos: <strong>viol\u00edn, viola, violoncello, contrabajo y flauta traversa.<\/strong><\/p>\n<p>&nbsp;<\/p>\n<p>&#8220;La Orquesta Escuela Municipal es un proyecto que se sostiene sobre tres cimientos: lo educativo, lo cultural y lo social, donde se le ofrece a ni\u00f1os y j\u00f3venes la oportunidad de aprender un instrumento&#8221; se indic\u00f3.<\/p>\n<p>&nbsp;<\/p>\n<p>Los interesados pueden acercarse, por <strong>informes e inscripci\u00f3n<\/strong>, a:<\/p>\n<p><strong>Servicio Municipal Territorial N\u00ba\u00a0 1,<\/strong> avenida Alberdi y Fassina, mi\u00e9rcoles y viernes 17:00.<\/p>\n<p><strong>Servicio Municipal Territorial N\u00ba 2,<\/strong> avenida Alberdi y Coronel Su\u00e1rez, lunes y viernes 14:00.<\/p>\n<p><strong>BioParque Municipal \u00abLa M\u00e1xima\u00bb<\/strong>, martes y jueves 9:00.<\/p>\n<p>&nbsp;<\/p>\n","protected":false},"excerpt":{"rendered":"<p>Est\u00e1 destinada a ni\u00f1os, adolescentes y j\u00f3venes de entre 7 a 18 a\u00f1os. Los detalles.<\/p>\n","protected":false},"author":6,"featured_media":57742,"comment_status":"closed","ping_status":"closed","sticky":false,"template":"","format":"standard","meta":{"_jetpack_memberships_contains_paid_content":false,"footnotes":""},"categories":[9,1],"tags":[],"class_list":["post-57741","post","type-post","status-publish","format-standard","has-post-thumbnail","hentry","category-cultura","category-portada"],"jetpack_featured_media_url":"https:\/\/i0.wp.com\/cdnoticias.com\/wp-content\/uploads\/2022\/06\/Orquesta-Escuela-2.jpg?fit=960%2C540&ssl=1","jetpack_sharing_enabled":true,"_links":{"self":[{"href":"https:\/\/cdnoticias.com\/index.php\/wp-json\/wp\/v2\/posts\/57741","targetHints":{"allow":["GET"]}}],"collection":[{"href":"https:\/\/cdnoticias.com\/index.php\/wp-json\/wp\/v2\/posts"}],"about":[{"href":"https:\/\/cdnoticias.com\/index.php\/wp-json\/wp\/v2\/types\/post"}],"author":[{"embeddable":true,"href":"https:\/\/cdnoticias.com\/index.php\/wp-json\/wp\/v2\/users\/6"}],"replies":[{"embeddable":true,"href":"https:\/\/cdnoticias.com\/index.php\/wp-json\/wp\/v2\/comments?post=57741"}],"version-history":[{"count":0,"href":"https:\/\/cdnoticias.com\/index.php\/wp-json\/wp\/v2\/posts\/57741\/revisions"}],"wp:featuredmedia":[{"embeddable":true,"href":"https:\/\/cdnoticias.com\/index.php\/wp-json\/wp\/v2\/media\/57742"}],"wp:attachment":[{"href":"https:\/\/cdnoticias.com\/index.php\/wp-json\/wp\/v2\/media?parent=57741"}],"wp:term":[{"taxonomy":"category","embeddable":true,"href":"https:\/\/cdnoticias.com\/index.php\/wp-json\/wp\/v2\/categories?post=57741"},{"taxonomy":"post_tag","embeddable":true,"href":"https:\/\/cdnoticias.com\/index.php\/wp-json\/wp\/v2\/tags?post=57741"}],"curies":[{"name":"wp","href":"https:\/\/api.w.org\/{rel}","templated":true}]}}