{"id":57730,"date":"2022-06-18T13:50:17","date_gmt":"2022-06-18T16:50:17","guid":{"rendered":"https:\/\/www.centraldenoticias.com.ar\/?p=57730"},"modified":"2022-06-18T15:13:49","modified_gmt":"2022-06-18T18:13:49","slug":"zona-fria-diputado-nacional-destaco-sus-beneficios-y-sus-limites-en-la-provincia","status":"publish","type":"post","link":"https:\/\/cdnoticias.com\/index.php\/2022\/06\/18\/zona-fria-diputado-nacional-destaco-sus-beneficios-y-sus-limites-en-la-provincia\/","title":{"rendered":"Zona Fr\u00eda: diputado nacional destac\u00f3 sus beneficios y sus l\u00edmites en la Provincia"},"content":{"rendered":"<p>El diputado nacional, Alejandro &#8220;Topo&#8221; Rodr\u00edguez, uno de los principales impulsores del proyecto, destac\u00f3 que los descuentos en el gas ya llegan a m\u00e1s de 1.200.000 hogares de la provincia de Buenos Aires.<!--more--><\/p>\n<hr \/>\n<p><strong>A un a\u00f1o de aprobada la ley nacional de ampliaci\u00f3n de Zonas Fr\u00edas<\/strong>, que garantiza descuentos de 30% y 50% para el precio del gas consumido en los hogares, la aplicaci\u00f3n de esos beneficios se viene realizando \u201ccon eficacia\u201d en el servicio de red domiciliaria, seg\u00fan se\u00f1al\u00f3 <strong>el diputado nacional Alejandro \u201cTopo\u201d Rodr\u00edguez, uno de los principales impulsores y coautor de la legislaci\u00f3n junto a la olavarriense Liliana Schwindt<\/strong>.<\/p>\n<p>&nbsp;<\/p>\n<p>De todos modos, <strong>el diputado hizo hincapi\u00e9 en que el descuento \u201ca\u00fan no est\u00e1 garantizado en la provincia para garrafas o tubos de gas\u201d<\/strong>. Ese tema estuvo justamente en debate semanas atr\u00e1s en Olavarr\u00eda con la intervenci\u00f3n de <a href=\"https:\/\/cdnoticias.com\/index.php\/2022\/06\/05\/el-municipio-salio-a-pedir-por-la-ley-de-zona-fria-para-usuarios-de-garrafa\/\" target=\"_blank\" rel=\"noopener\">Defensa del Consumidor municipal<\/a> y <a href=\"https:\/\/cdnoticias.com\/index.php\/2022\/06\/05\/zona-fria-vivir-dignamente-y-poder-calefaccionarnos-en-epoca-invernal-es-un-derecho-no-un-lujo\/\" target=\"_blank\" rel=\"noopener\">la propia Schwindt<\/a>.<\/p>\n<p>&nbsp;<\/p>\n<blockquote><p>Rodr\u00edguez afirm\u00f3 que \u201cla aplicaci\u00f3n de los descuentos en el precio del gas por red domiciliaria est\u00e1 funcionando con mucha eficacia en la provincia de Buenos Aires y ya llega a un mill\u00f3n doscientos cuarenta mil hogares, de los cuales el 81% no estaba recibiendo ning\u00fan tipo de rebajas hasta antes de la Ley de Zonas Fr\u00edas\u201d.<\/p><\/blockquote>\n<p>&nbsp;<\/p>\n<p><img data-recalc-dims=\"1\" loading=\"lazy\" decoding=\"async\" class=\"aligncenter wp-image-44208\" src=\"https:\/\/i0.wp.com\/cdnoticias.com\/wp-content\/uploads\/2022\/01\/telam-gas.jpg?resize=800%2C450&#038;ssl=1\" alt=\"\" width=\"800\" height=\"450\" srcset=\"https:\/\/i0.wp.com\/cdnoticias.com\/wp-content\/uploads\/2022\/01\/telam-gas.jpg?w=900&amp;ssl=1 900w, https:\/\/i0.wp.com\/cdnoticias.com\/wp-content\/uploads\/2022\/01\/telam-gas.jpg?resize=300%2C169&amp;ssl=1 300w, https:\/\/i0.wp.com\/cdnoticias.com\/wp-content\/uploads\/2022\/01\/telam-gas.jpg?resize=768%2C432&amp;ssl=1 768w\" sizes=\"auto, (max-width: 800px) 100vw, 800px\" \/><\/p>\n<p>&nbsp;<\/p>\n<p>El descuento general que <strong>se aplica en zonas fr\u00edas es de 30% para el precio del gas consumido<\/strong> en cada per\u00edodo de facturaci\u00f3n, mientras que <strong>los hogares de menores ingresos reciben una rebaja del 50%<\/strong> (quienes perciben la AUH, jubilados y pensionados con bajos haberes, monotributistas sociales, entre otros).<\/p>\n<p>&nbsp;<\/p>\n<p><strong>\u201cEl Gobierno bonaerense no cumple con la ley\u201d<\/strong><\/p>\n<p>&nbsp;<\/p>\n<p>La ley de Zonas Fr\u00edas<strong> extiende el descuento a usuarios que utilicen \u201ccilindros, garrafas o gas licuado de petr\u00f3leo, gas propano comercializado a granel y otros\u201d<\/strong>.<\/p>\n<p>&nbsp;<\/p>\n<blockquote><p>\u201cTopo\u201d Rodr\u00edguez, tandilense y presidente del Interbloque Federal de la C\u00e1mara de Diputados, agreg\u00f3 que \u201csin embargo, el Gobierno de la Provincia de Buenos Aires todav\u00eda no garantiza la aplicaci\u00f3n del descuento por zona fr\u00eda a quienes usan garrafas y tubos\u201d. Y se\u00f1al\u00f3 que \u201clo preocupante es que, adem\u00e1s, la Subsecretar\u00eda de Energ\u00eda y el Ministerio de Infraestructura y Servicios P\u00fablicos bonaerense no informan nada al respecto. Llega el invierno y eso sigue sin resolverse. Por eso vamos a exigir que se responda a un pedido de informes a la Secretar\u00eda de Energ\u00eda de la Naci\u00f3n, para que sepamos por qu\u00e9 el Gobierno bonaerense no est\u00e1 cumpliendo con la ley\u201d.<\/p><\/blockquote>\n<p>&nbsp;<\/p>\n<p>Sobre este aspecto, <a href=\"https:\/\/cdnoticias.com\/index.php\/2022\/06\/07\/bali-bucca-buscara-acelerar-la-aplicacion-de-zona-fria-en-garrafas\/\" target=\"_blank\" rel=\"noopener\">tambi\u00e9n se pronunci\u00f3 el senador provincial oficialista Eduardo \u201cBali\u201d Bucca<\/a> quien afirm\u00f3 que realiza gestiones en la administraci\u00f3n bonaerense para que avance en ese sentido.<\/p>\n<p>&nbsp;<\/p>\n<p><img data-recalc-dims=\"1\" loading=\"lazy\" decoding=\"async\" class=\"size-full wp-image-15256 aligncenter\" src=\"https:\/\/i0.wp.com\/cdnoticias.com\/wp-content\/uploads\/2021\/03\/182709-800x500.jpg?resize=800%2C500&#038;ssl=1\" alt=\"\" width=\"800\" height=\"500\" srcset=\"https:\/\/i0.wp.com\/cdnoticias.com\/wp-content\/uploads\/2021\/03\/182709-800x500.jpg?resize=800%2C500&amp;ssl=1 800w, https:\/\/i0.wp.com\/cdnoticias.com\/wp-content\/uploads\/2021\/03\/182709-800x500.jpg?resize=300%2C188&amp;ssl=1 300w, https:\/\/i0.wp.com\/cdnoticias.com\/wp-content\/uploads\/2021\/03\/182709-800x500.jpg?resize=768%2C480&amp;ssl=1 768w\" sizes=\"auto, (max-width: 800px) 100vw, 800px\" \/><\/p>\n<p>&nbsp;<\/p>\n<p><strong>Los beneficiarios<\/strong><\/p>\n<p>&nbsp;<\/p>\n<p>Seg\u00fan la ley de Zonas Fr\u00edas, los usuarios que reciben descuentos del 50% en su consumo de gas son:<\/p>\n<p>&nbsp;<\/p>\n<ul>\n<li>Titulares de la Asignaci\u00f3n Universal por Hijo (AUH) y la Asignaci\u00f3n por Embarazo.<\/li>\n<li>Titulares de Pensiones no Contributivas que perciban ingresos mensuales brutos no superiores a cuatro (4) veces el Salario M\u00ednimo Vital y M\u00f3vil.<\/li>\n<li>Usuarios y usuarias inscriptas en el R\u00e9gimen de Monotributo Social.<\/li>\n<li>Jubilados y jubiladas; pensionadas y pensionados; y trabajadores y trabajadoras en relaci\u00f3n de dependencia que perciban una remuneraci\u00f3n bruta menor o igual a cuatro (4) Salarios M\u00ednimos Vitales y M\u00f3viles.<\/li>\n<li>Trabajadores y trabajadoras monotributistas inscriptas en una categor\u00eda cuyo ingreso anual mensualizado no supere en cuatro (4) veces el Salario M\u00ednimo Vital y M\u00f3vil.<\/li>\n<li>Usuarios y usuarias que perciben seguro de desempleo.<\/li>\n<li>Electrodependientes, beneficiarios y beneficiarias de la ley 27.351.<\/li>\n<li>Usuarios y usuarias incorporadas en el R\u00e9gimen Especial de Seguridad Social para Empleados de Casas Particulares de la ley 26.844.<\/li>\n<li>Exentos en el pago de ABL o tributos locales de igual naturaleza.<\/li>\n<li>Titulares de Pensi\u00f3n Vitalicia a Veteranos de Guerra del Atl\u00e1ntico Sur.<\/li>\n<\/ul>\n<p>&nbsp;<\/p>\n<p>Fuente: <em>Agencia DIB<\/em><\/p>\n","protected":false},"excerpt":{"rendered":"<p>El diputado nacional, Alejandro &#8220;Topo&#8221; Rodr\u00edguez, uno de los principales impulsores del proyecto, destac\u00f3 que los descuentos en el gas<\/p>\n","protected":false},"author":4,"featured_media":57731,"comment_status":"closed","ping_status":"closed","sticky":false,"template":"","format":"standard","meta":{"_jetpack_memberships_contains_paid_content":false,"footnotes":""},"categories":[6,1],"tags":[],"class_list":["post-57730","post","type-post","status-publish","format-standard","has-post-thumbnail","hentry","category-nacionales","category-portada"],"jetpack_featured_media_url":"https:\/\/i0.wp.com\/cdnoticias.com\/wp-content\/uploads\/2022\/06\/alejandro-topo-rodriguez-00.jpg?fit=800%2C445&ssl=1","jetpack_sharing_enabled":true,"_links":{"self":[{"href":"https:\/\/cdnoticias.com\/index.php\/wp-json\/wp\/v2\/posts\/57730","targetHints":{"allow":["GET"]}}],"collection":[{"href":"https:\/\/cdnoticias.com\/index.php\/wp-json\/wp\/v2\/posts"}],"about":[{"href":"https:\/\/cdnoticias.com\/index.php\/wp-json\/wp\/v2\/types\/post"}],"author":[{"embeddable":true,"href":"https:\/\/cdnoticias.com\/index.php\/wp-json\/wp\/v2\/users\/4"}],"replies":[{"embeddable":true,"href":"https:\/\/cdnoticias.com\/index.php\/wp-json\/wp\/v2\/comments?post=57730"}],"version-history":[{"count":0,"href":"https:\/\/cdnoticias.com\/index.php\/wp-json\/wp\/v2\/posts\/57730\/revisions"}],"wp:featuredmedia":[{"embeddable":true,"href":"https:\/\/cdnoticias.com\/index.php\/wp-json\/wp\/v2\/media\/57731"}],"wp:attachment":[{"href":"https:\/\/cdnoticias.com\/index.php\/wp-json\/wp\/v2\/media?parent=57730"}],"wp:term":[{"taxonomy":"category","embeddable":true,"href":"https:\/\/cdnoticias.com\/index.php\/wp-json\/wp\/v2\/categories?post=57730"},{"taxonomy":"post_tag","embeddable":true,"href":"https:\/\/cdnoticias.com\/index.php\/wp-json\/wp\/v2\/tags?post=57730"}],"curies":[{"name":"wp","href":"https:\/\/api.w.org\/{rel}","templated":true}]}}