{"id":57727,"date":"2022-06-18T12:43:36","date_gmt":"2022-06-18T15:43:36","guid":{"rendered":"https:\/\/www.centraldenoticias.com.ar\/?p=57727"},"modified":"2022-06-18T12:43:36","modified_gmt":"2022-06-18T15:43:36","slug":"la-pena-roja-olavarria-solidaria-ante-el-frio","status":"publish","type":"post","link":"https:\/\/cdnoticias.com\/index.php\/2022\/06\/18\/la-pena-roja-olavarria-solidaria-ante-el-frio\/","title":{"rendered":"La Pe\u00f1a Roja Olavarr\u00eda, solidaria ante el fr\u00edo"},"content":{"rendered":"<p>Se dio a conocer una donaci\u00f3n entregada a la olla popular del barrio Nicol\u00e1s Avellaneda, que asiste a unas 40 familias.<!--more--><\/p>\n<hr \/>\n<p><strong>La Pe\u00f1a Roja Olavarr\u00eda dio a conocer una de sus \u00faltimas actividades solidarias<\/strong>: la entrega de art\u00edculos para afrontar el fr\u00edo y la temporada invernal para familias del barrio Nicol\u00e1s Avellaneda.<\/p>\n<p>&nbsp;<\/p>\n<p>Seg\u00fan explicaron, la actividad se enmarc\u00f3 en el <strong>programa \u201cRojo Solidario\u201d que impulsa el Club Atl\u00e9tico Independiente de Avellaneda<\/strong>.<\/p>\n<p>&nbsp;<\/p>\n<p>As\u00ed, la pe\u00f1a local reuni\u00f3 y entreg\u00f3 <strong>ropa de abrigo, frazadas y calzados<\/strong>. La destinataria fue la <strong>olla popular del barrio Nicol\u00e1s Avellaneda, donde asisten aproximadamente 40 familias<\/strong>.<\/p>\n","protected":false},"excerpt":{"rendered":"<p>Se dio a conocer una donaci\u00f3n entregada a la olla popular del barrio Nicol\u00e1s Avellaneda, que asiste a unas 40<\/p>\n","protected":false},"author":4,"featured_media":57728,"comment_status":"closed","ping_status":"closed","sticky":false,"template":"","format":"standard","meta":{"_jetpack_memberships_contains_paid_content":false,"footnotes":""},"categories":[5,1],"tags":[],"class_list":["post-57727","post","type-post","status-publish","format-standard","has-post-thumbnail","hentry","category-informacion-general","category-portada"],"jetpack_featured_media_url":"https:\/\/i0.wp.com\/cdnoticias.com\/wp-content\/uploads\/2022\/06\/rojo-solidario-A.jpg?fit=800%2C445&ssl=1","jetpack_sharing_enabled":true,"_links":{"self":[{"href":"https:\/\/cdnoticias.com\/index.php\/wp-json\/wp\/v2\/posts\/57727","targetHints":{"allow":["GET"]}}],"collection":[{"href":"https:\/\/cdnoticias.com\/index.php\/wp-json\/wp\/v2\/posts"}],"about":[{"href":"https:\/\/cdnoticias.com\/index.php\/wp-json\/wp\/v2\/types\/post"}],"author":[{"embeddable":true,"href":"https:\/\/cdnoticias.com\/index.php\/wp-json\/wp\/v2\/users\/4"}],"replies":[{"embeddable":true,"href":"https:\/\/cdnoticias.com\/index.php\/wp-json\/wp\/v2\/comments?post=57727"}],"version-history":[{"count":0,"href":"https:\/\/cdnoticias.com\/index.php\/wp-json\/wp\/v2\/posts\/57727\/revisions"}],"wp:featuredmedia":[{"embeddable":true,"href":"https:\/\/cdnoticias.com\/index.php\/wp-json\/wp\/v2\/media\/57728"}],"wp:attachment":[{"href":"https:\/\/cdnoticias.com\/index.php\/wp-json\/wp\/v2\/media?parent=57727"}],"wp:term":[{"taxonomy":"category","embeddable":true,"href":"https:\/\/cdnoticias.com\/index.php\/wp-json\/wp\/v2\/categories?post=57727"},{"taxonomy":"post_tag","embeddable":true,"href":"https:\/\/cdnoticias.com\/index.php\/wp-json\/wp\/v2\/tags?post=57727"}],"curies":[{"name":"wp","href":"https:\/\/api.w.org\/{rel}","templated":true}]}}