{"id":5769,"date":"2020-11-05T20:01:19","date_gmt":"2020-11-05T23:01:19","guid":{"rendered":"http:\/\/www.centraldenoticias.com.ar\/?p=5769"},"modified":"2020-11-05T20:23:17","modified_gmt":"2020-11-05T23:23:17","slug":"agentes-locales-colaboran-en-una-causa-por-presunta-trata-de-personas-en-la-madrid","status":"publish","type":"post","link":"https:\/\/cdnoticias.com\/index.php\/2020\/11\/05\/agentes-locales-colaboran-en-una-causa-por-presunta-trata-de-personas-en-la-madrid\/","title":{"rendered":"Agentes locales colaboran en una causa por presunta trata de personas en La Madrid"},"content":{"rendered":"<p>Se trata de efectivos de la Subdelegaci\u00f3n Olavarr\u00eda de Polic\u00eda Federal, a quienes en las \u00faltimas horas se los pudo ver en la ciudad vecina. La investigaci\u00f3n avanza con sumo hermetismo.<\/p>\n<p><!--more--><\/p>\n<hr \/>\n<p>En las \u00faltimas horas llam\u00f3 la atenci\u00f3n de habitantes de General La Madrid la presencia de un m\u00f3vil de la Subdelegaci\u00f3n Olavarr\u00eda de la polic\u00eda Federal. Sobre su presencia en el lugar s\u00f3lo se pudo conocer que los agentes <strong>concurrieron all\u00ed para colaborar en el marco de una causa por presunta trata de personas.<\/strong><\/p>\n<p>&nbsp;<\/p>\n<p>Al respecto se logr\u00f3 conocer que llevaron a cabo distintas medidas de prueba y averiguaciones,<strong> lograron el hallazgo de elementos de inter\u00e9s probatorio que se ya se encuentran a disposici\u00f3n de la justicia.<\/strong> Debido a la complejidad y gravedad del delito todo transita con sumo hermetismo.<\/p>\n<p>&nbsp;<\/p>\n<p>La causa se encuentra encabezada por el ayudante fiscal de la ciudad vecina, Guillermo Casenave, y las actuaciones se encuentran enmarcadas como <strong>presunta \u201ctrata de personas\u201d o infracci\u00f3n a la Ley 26364, que precisamente da marco legal a la \u201cprevenci\u00f3n y sanci\u00f3n de la trata de personas y asistencia a sus v\u00edctimas\u201d, adem\u00e1s de contemplar penas de hasta 15 a\u00f1os para aquellos que la incumplan.<\/strong><\/p>\n<p>&nbsp;<\/p>\n","protected":false},"excerpt":{"rendered":"<p>Se trata de efectivos de la Subdelegaci\u00f3n Olavarr\u00eda de Polic\u00eda Federal, a quienes en las \u00faltimas horas se los pudo<\/p>\n","protected":false},"author":3,"featured_media":5772,"comment_status":"closed","ping_status":"closed","sticky":false,"template":"","format":"standard","meta":{"_jetpack_memberships_contains_paid_content":false,"footnotes":""},"categories":[5,1],"tags":[],"class_list":["post-5769","post","type-post","status-publish","format-standard","has-post-thumbnail","hentry","category-informacion-general","category-portada"],"jetpack_featured_media_url":"https:\/\/i0.wp.com\/cdnoticias.com\/wp-content\/uploads\/2020\/11\/WhatsApp-Image-2020-11-05-at-7.02.52-PM-e1604616763171.jpeg?fit=1137%2C673&ssl=1","jetpack_sharing_enabled":true,"_links":{"self":[{"href":"https:\/\/cdnoticias.com\/index.php\/wp-json\/wp\/v2\/posts\/5769","targetHints":{"allow":["GET"]}}],"collection":[{"href":"https:\/\/cdnoticias.com\/index.php\/wp-json\/wp\/v2\/posts"}],"about":[{"href":"https:\/\/cdnoticias.com\/index.php\/wp-json\/wp\/v2\/types\/post"}],"author":[{"embeddable":true,"href":"https:\/\/cdnoticias.com\/index.php\/wp-json\/wp\/v2\/users\/3"}],"replies":[{"embeddable":true,"href":"https:\/\/cdnoticias.com\/index.php\/wp-json\/wp\/v2\/comments?post=5769"}],"version-history":[{"count":0,"href":"https:\/\/cdnoticias.com\/index.php\/wp-json\/wp\/v2\/posts\/5769\/revisions"}],"wp:featuredmedia":[{"embeddable":true,"href":"https:\/\/cdnoticias.com\/index.php\/wp-json\/wp\/v2\/media\/5772"}],"wp:attachment":[{"href":"https:\/\/cdnoticias.com\/index.php\/wp-json\/wp\/v2\/media?parent=5769"}],"wp:term":[{"taxonomy":"category","embeddable":true,"href":"https:\/\/cdnoticias.com\/index.php\/wp-json\/wp\/v2\/categories?post=5769"},{"taxonomy":"post_tag","embeddable":true,"href":"https:\/\/cdnoticias.com\/index.php\/wp-json\/wp\/v2\/tags?post=5769"}],"curies":[{"name":"wp","href":"https:\/\/api.w.org\/{rel}","templated":true}]}}