{"id":57687,"date":"2022-06-17T20:31:34","date_gmt":"2022-06-17T23:31:34","guid":{"rendered":"https:\/\/www.centraldenoticias.com.ar\/?p=57687"},"modified":"2022-06-18T09:49:04","modified_gmt":"2022-06-18T12:49:04","slug":"quedo-inaugurada-la-muestra-las-pasiones-de-dante-y-torcuato","status":"publish","type":"post","link":"https:\/\/cdnoticias.com\/index.php\/2022\/06\/17\/quedo-inaugurada-la-muestra-las-pasiones-de-dante-y-torcuato\/","title":{"rendered":"Qued\u00f3 inaugurada la muestra &#8220;Las pasiones de Dante y Torcuato&#8221;"},"content":{"rendered":"<p>Fue este viernes en el Museo Municipal \u00abHermanos Emiliozzi\u00bb.<!--more--><\/p>\n<hr \/>\n<p>&nbsp;<\/p>\n<p>Este viernes qued\u00f3 inaugurada la muestra permanente <strong>&#8220;Las pasiones de Dante y Torcuato&#8221;<\/strong> en el <strong>Museo Municipal \u00abHermanos Emiliozzi &#8220;<\/strong>con un lindo marco de p\u00fablico&#8221; se indic\u00f3.<\/p>\n<p>&nbsp;<\/p>\n<p>Fue <strong>Susana Mart\u00ednez<\/strong>, la coordinadora del espacio, quien dio la bienvenida e invit\u00f3 a los presentes a realizar un recorrido por la nueva exposici\u00f3n con m\u00e1s objetos de &#8220;los Gringos&#8221;. &#8220;<strong>Los tacos de billar fabricados por Torcuato son el gran atractivo&#8221; <\/strong>se expres\u00f3.<\/p>\n<p>&nbsp;<\/p>\n<p><img data-recalc-dims=\"1\" loading=\"lazy\" decoding=\"async\" class=\"aligncenter wp-image-57689 size-large\" src=\"https:\/\/i0.wp.com\/cdnoticias.com\/wp-content\/uploads\/2022\/06\/Cultura-Apertura-Muestra-Taco-Billar-4-scaled-1.jpg?resize=800%2C534&#038;ssl=1\" alt=\"\" width=\"800\" height=\"534\" srcset=\"https:\/\/i0.wp.com\/cdnoticias.com\/wp-content\/uploads\/2022\/06\/Cultura-Apertura-Muestra-Taco-Billar-4-scaled-1.jpg?resize=1024%2C684&amp;ssl=1 1024w, https:\/\/i0.wp.com\/cdnoticias.com\/wp-content\/uploads\/2022\/06\/Cultura-Apertura-Muestra-Taco-Billar-4-scaled-1.jpg?resize=300%2C201&amp;ssl=1 300w, https:\/\/i0.wp.com\/cdnoticias.com\/wp-content\/uploads\/2022\/06\/Cultura-Apertura-Muestra-Taco-Billar-4-scaled-1.jpg?resize=768%2C513&amp;ssl=1 768w, https:\/\/i0.wp.com\/cdnoticias.com\/wp-content\/uploads\/2022\/06\/Cultura-Apertura-Muestra-Taco-Billar-4-scaled-1.jpg?resize=1536%2C1027&amp;ssl=1 1536w, https:\/\/i0.wp.com\/cdnoticias.com\/wp-content\/uploads\/2022\/06\/Cultura-Apertura-Muestra-Taco-Billar-4-scaled-1.jpg?resize=2048%2C1369&amp;ssl=1 2048w, https:\/\/i0.wp.com\/cdnoticias.com\/wp-content\/uploads\/2022\/06\/Cultura-Apertura-Muestra-Taco-Billar-4-scaled-1.jpg?resize=272%2C182&amp;ssl=1 272w, https:\/\/i0.wp.com\/cdnoticias.com\/wp-content\/uploads\/2022\/06\/Cultura-Apertura-Muestra-Taco-Billar-4-scaled-1.jpg?w=1600&amp;ssl=1 1600w, https:\/\/i0.wp.com\/cdnoticias.com\/wp-content\/uploads\/2022\/06\/Cultura-Apertura-Muestra-Taco-Billar-4-scaled-1.jpg?w=2400&amp;ssl=1 2400w\" sizes=\"auto, (max-width: 800px) 100vw, 800px\" \/><\/p>\n<p>&nbsp;<\/p>\n<p>Adem\u00e1s, estuvieron presentes el secretario de Desarrollo Humano y Calidad de Vida <strong>Diego Robbiani,<\/strong> el subsecretario de Cultura y Educaci\u00f3n <strong>Bruno Cenizo,<\/strong> los se\u00f1ores Gandini y Ferraiuelo y Omar Rossini.<\/p>\n<p>&nbsp;<\/p>\n<p>Por \u00faltimo se indic\u00f3 que en el <strong>canal de Youtube del Municipio<\/strong> se puede visualizar un <a href=\"https:\/\/www.youtube.com\/watch?v=fMmNBdWdcKQ\">video<\/a>\u00a0que relata la historia de los tacos de billar.<\/p>\n<p>&nbsp;<\/p>\n<div class=\"page-title\">\n<h1><\/h1>\n<\/div>\n<div class=\"breadcrumbs\"><\/div>\n<p>&nbsp;<\/p>\n","protected":false},"excerpt":{"rendered":"<p>Fue este viernes en el Museo Municipal \u00abHermanos Emiliozzi\u00bb.<\/p>\n","protected":false},"author":6,"featured_media":57688,"comment_status":"closed","ping_status":"closed","sticky":false,"template":"","format":"standard","meta":{"_jetpack_memberships_contains_paid_content":false,"footnotes":""},"categories":[9,1],"tags":[],"class_list":["post-57687","post","type-post","status-publish","format-standard","has-post-thumbnail","hentry","category-cultura","category-portada"],"jetpack_featured_media_url":"https:\/\/i0.wp.com\/cdnoticias.com\/wp-content\/uploads\/2022\/06\/Cultura-Apertura-Muestra-Taco-Billar-3-scaled-1.jpg?fit=2560%2C1711&ssl=1","jetpack_sharing_enabled":true,"_links":{"self":[{"href":"https:\/\/cdnoticias.com\/index.php\/wp-json\/wp\/v2\/posts\/57687","targetHints":{"allow":["GET"]}}],"collection":[{"href":"https:\/\/cdnoticias.com\/index.php\/wp-json\/wp\/v2\/posts"}],"about":[{"href":"https:\/\/cdnoticias.com\/index.php\/wp-json\/wp\/v2\/types\/post"}],"author":[{"embeddable":true,"href":"https:\/\/cdnoticias.com\/index.php\/wp-json\/wp\/v2\/users\/6"}],"replies":[{"embeddable":true,"href":"https:\/\/cdnoticias.com\/index.php\/wp-json\/wp\/v2\/comments?post=57687"}],"version-history":[{"count":0,"href":"https:\/\/cdnoticias.com\/index.php\/wp-json\/wp\/v2\/posts\/57687\/revisions"}],"wp:featuredmedia":[{"embeddable":true,"href":"https:\/\/cdnoticias.com\/index.php\/wp-json\/wp\/v2\/media\/57688"}],"wp:attachment":[{"href":"https:\/\/cdnoticias.com\/index.php\/wp-json\/wp\/v2\/media?parent=57687"}],"wp:term":[{"taxonomy":"category","embeddable":true,"href":"https:\/\/cdnoticias.com\/index.php\/wp-json\/wp\/v2\/categories?post=57687"},{"taxonomy":"post_tag","embeddable":true,"href":"https:\/\/cdnoticias.com\/index.php\/wp-json\/wp\/v2\/tags?post=57687"}],"curies":[{"name":"wp","href":"https:\/\/api.w.org\/{rel}","templated":true}]}}