{"id":57680,"date":"2022-06-18T19:00:11","date_gmt":"2022-06-18T22:00:11","guid":{"rendered":"https:\/\/www.centraldenoticias.com.ar\/?p=57680"},"modified":"2022-06-18T19:00:11","modified_gmt":"2022-06-18T22:00:11","slug":"mas-de-medio-centenar-de-graduados-y-graduadas-de-facso-recibieron-sus-diplomas","status":"publish","type":"post","link":"https:\/\/cdnoticias.com\/index.php\/2022\/06\/18\/mas-de-medio-centenar-de-graduados-y-graduadas-de-facso-recibieron-sus-diplomas\/","title":{"rendered":"M\u00e1s de medio centenar de graduados y graduadas de FACSO recibieron sus diplomas"},"content":{"rendered":"<p>El Edificio de Aulas Comunes del Complejo Universitario Olavarr\u00eda fue la sede del acto en el que le entregaron sus t\u00edtulos a estudiantes de grado y postgrado de la Facultad de Ciencias Sociales, Ciencias de la Salud e Ingenier\u00eda.<!--more--><\/p>\n<hr \/>\n<p>&nbsp;<\/p>\n<p>M\u00e1s de <strong>medio centenar de graduados y graduadas de FACSO recibieron sus diplomas<\/strong> en el Edificio de Aulas Comunes del Complejo Universitario Olavarr\u00eda, sede del acto en el que le entregaron sus t\u00edtulos a estudiantes de grado y postgrado de la Facultad de Ciencias Sociales, Ciencias de la Salud e Ingenier\u00eda.<\/p>\n<p>&nbsp;<\/p>\n<p>El <strong>157\u00b0 acto de Colaci\u00f3n de Grados<\/strong> fue encabezado por el Rector de la Universidad Nacional del Centro de la Provincia de Buenos Aires, Dr. Marcelo Aba. Estuvo acompa\u00f1ado por la decana de la Facultad de Ciencias Sociales, Lic. Gabriela Gamberini; el decano de la Facultad de Ciencias de la Salud, Dr. H\u00e9ctor Trebucq; y la decana de la Facultad de Ingenier\u00eda, Mag. Ing. Mar\u00eda Hayde\u00e9 Peralta.<\/p>\n<p>&nbsp;<\/p>\n<p>En representaci\u00f3n de FACSO, estuvieron presentes tambi\u00e9n la Secretaria Acad\u00e9mica, Lic. Gabriela Loustaunau; el Secretario de Extensi\u00f3n, Bienestar y Transferencia, Lic. Nicol\u00e1s Casado y el Secretario General, Ing. Guillermo Cicconi; junto con autoridades y miembros de las dem\u00e1s unidades acad\u00e9micas de la UNICEN, autoridades y referentes de la Municipalidad de Olavarr\u00eda, del Honorable Concejo Deliberante, instituciones sociales y familiares de los graduados y graduadas.<\/p>\n<p>&nbsp;<\/p>\n<p><img data-recalc-dims=\"1\" loading=\"lazy\" decoding=\"async\" class=\"aligncenter wp-image-57682 size-large\" src=\"https:\/\/i0.wp.com\/cdnoticias.com\/wp-content\/uploads\/2022\/06\/actoint.jpeg?resize=800%2C450&#038;ssl=1\" alt=\"\" width=\"800\" height=\"450\" srcset=\"https:\/\/i0.wp.com\/cdnoticias.com\/wp-content\/uploads\/2022\/06\/actoint.jpeg?resize=1024%2C576&amp;ssl=1 1024w, https:\/\/i0.wp.com\/cdnoticias.com\/wp-content\/uploads\/2022\/06\/actoint.jpeg?resize=300%2C169&amp;ssl=1 300w, https:\/\/i0.wp.com\/cdnoticias.com\/wp-content\/uploads\/2022\/06\/actoint.jpeg?resize=768%2C432&amp;ssl=1 768w, https:\/\/i0.wp.com\/cdnoticias.com\/wp-content\/uploads\/2022\/06\/actoint.jpeg?w=1280&amp;ssl=1 1280w\" sizes=\"auto, (max-width: 800px) 100vw, 800px\" \/><\/p>\n<p>&nbsp;<\/p>\n<p>En primer lugar, luego de que se entonara el <strong>Himno Nacional Argentino interpretado por la Orquesta Sinf\u00f3nica Municipal de Olavarr\u00eda \u201cMaestro Mario Patan\u00e9\u201d<\/strong>, pronunci\u00f3 las palabras de despedida Ivo P\u00e9rez Colo, estudiante graduado de la Facultad de Ingenier\u00eda.<\/p>\n<p>&nbsp;<\/p>\n<p>El joven expres\u00f3: &#8220;Durante esta aventura hemos aprendido muchas cosas, hemos adquirido muchos conocimientos y habilidades pero lo que ahora debemos valorar es el esfuerzo realizado por las personas con las que hemos compartido todas estas experiencias, de las que tanto hemos aprendido cada uno de nosotros y han intentado dar lo mejor para alcanzar los objetivos que nos hemos propuesto. Hacer equivocarse, aprender y progresar. S\u00ed, hacer, equivocarse y progresar. Ese es el camino. Lo que m\u00e1s habremos aprendido durante esta experiencia es a dar lo m\u00e1ximo ante cualquier cosa que pueda suceder. Ampliar nuestros l\u00edmites y nunca olvidarnos de nuestros objetivos&#8221;.<\/p>\n<p>&nbsp;<\/p>\n<p>Posteriormente, la vicedecana de la <strong>Facultad de Ciencias de la Salud, Lic. Bettina Bernardelli<\/strong>, dirigi\u00f3 la palabra hacia los flamantes graduados y graduadas de las tres unidades acad\u00e9micas: \u201cMe honra el privilegio de poder compartir con ustedes un momento tan significativo. Sin duda alguna cada uno y cada una de ustedes le dar\u00e1 un significado propio, especial que hayan tenido. En esa significaci\u00f3n estar\u00e1n los nombres, los rostros y las voces de quienes acompa\u00f1aron y sostuvieron. De quienes ense\u00f1aron y aprendieron con ustedes y seguramente tambi\u00e9n le pondr\u00e1n adjetivos y por supuesto un valor. Es un sano ejercicio ponerle valor a las cosas. No precio sino valor. Valor en el sentido de alcance de la importancia que le damos a las cosas\u201d.<\/p>\n<p>&nbsp;<\/p>\n<p>Adem\u00e1s analiz\u00f3 las circunstancias que vivieron los y las estudiantes en el marco de la pandemia y envi\u00f3 un mensaje especial a quienes recibieron los t\u00edtulos de la Licenciatura en Enfermer\u00eda.<\/p>\n<p>&nbsp;<\/p>\n<p><img data-recalc-dims=\"1\" loading=\"lazy\" decoding=\"async\" class=\"aligncenter wp-image-57683 size-large\" src=\"https:\/\/i0.wp.com\/cdnoticias.com\/wp-content\/uploads\/2022\/06\/actoint2.jpeg?resize=800%2C450&#038;ssl=1\" alt=\"\" width=\"800\" height=\"450\" srcset=\"https:\/\/i0.wp.com\/cdnoticias.com\/wp-content\/uploads\/2022\/06\/actoint2.jpeg?resize=1024%2C576&amp;ssl=1 1024w, https:\/\/i0.wp.com\/cdnoticias.com\/wp-content\/uploads\/2022\/06\/actoint2.jpeg?resize=300%2C169&amp;ssl=1 300w, https:\/\/i0.wp.com\/cdnoticias.com\/wp-content\/uploads\/2022\/06\/actoint2.jpeg?resize=768%2C432&amp;ssl=1 768w, https:\/\/i0.wp.com\/cdnoticias.com\/wp-content\/uploads\/2022\/06\/actoint2.jpeg?w=1280&amp;ssl=1 1280w\" sizes=\"auto, (max-width: 800px) 100vw, 800px\" \/><\/p>\n<p>&nbsp;<\/p>\n<p>La jura de graduadas y graduados que recibieron sus t\u00edtulos estuvo a cargo del Rector de la UNICEN, Dr. Marcelo Aba.<\/p>\n","protected":false},"excerpt":{"rendered":"<p>El Edificio de Aulas Comunes del Complejo Universitario Olavarr\u00eda fue la sede del acto en el que le entregaron sus<\/p>\n","protected":false},"author":6,"featured_media":57681,"comment_status":"closed","ping_status":"closed","sticky":false,"template":"","format":"standard","meta":{"_jetpack_memberships_contains_paid_content":false,"footnotes":""},"categories":[5,1],"tags":[],"class_list":["post-57680","post","type-post","status-publish","format-standard","has-post-thumbnail","hentry","category-informacion-general","category-portada"],"jetpack_featured_media_url":"https:\/\/i0.wp.com\/cdnoticias.com\/wp-content\/uploads\/2022\/06\/actoint1.jpeg?fit=1280%2C913&ssl=1","jetpack_sharing_enabled":true,"_links":{"self":[{"href":"https:\/\/cdnoticias.com\/index.php\/wp-json\/wp\/v2\/posts\/57680","targetHints":{"allow":["GET"]}}],"collection":[{"href":"https:\/\/cdnoticias.com\/index.php\/wp-json\/wp\/v2\/posts"}],"about":[{"href":"https:\/\/cdnoticias.com\/index.php\/wp-json\/wp\/v2\/types\/post"}],"author":[{"embeddable":true,"href":"https:\/\/cdnoticias.com\/index.php\/wp-json\/wp\/v2\/users\/6"}],"replies":[{"embeddable":true,"href":"https:\/\/cdnoticias.com\/index.php\/wp-json\/wp\/v2\/comments?post=57680"}],"version-history":[{"count":0,"href":"https:\/\/cdnoticias.com\/index.php\/wp-json\/wp\/v2\/posts\/57680\/revisions"}],"wp:featuredmedia":[{"embeddable":true,"href":"https:\/\/cdnoticias.com\/index.php\/wp-json\/wp\/v2\/media\/57681"}],"wp:attachment":[{"href":"https:\/\/cdnoticias.com\/index.php\/wp-json\/wp\/v2\/media?parent=57680"}],"wp:term":[{"taxonomy":"category","embeddable":true,"href":"https:\/\/cdnoticias.com\/index.php\/wp-json\/wp\/v2\/categories?post=57680"},{"taxonomy":"post_tag","embeddable":true,"href":"https:\/\/cdnoticias.com\/index.php\/wp-json\/wp\/v2\/tags?post=57680"}],"curies":[{"name":"wp","href":"https:\/\/api.w.org\/{rel}","templated":true}]}}