{"id":57666,"date":"2022-06-17T17:30:41","date_gmt":"2022-06-17T20:30:41","guid":{"rendered":"https:\/\/www.centraldenoticias.com.ar\/?p=57666"},"modified":"2022-06-17T17:30:41","modified_gmt":"2022-06-17T20:30:41","slug":"coopelectric-se-reunio-con-vecinos-de-loma-negra","status":"publish","type":"post","link":"https:\/\/cdnoticias.com\/index.php\/2022\/06\/17\/coopelectric-se-reunio-con-vecinos-de-loma-negra\/","title":{"rendered":"Coopelectric se reuni\u00f3 con vecinos de Loma Negra"},"content":{"rendered":"<p>Se destac\u00f3 la necesidad de que los vecinos realicen la poda de los \u00e1rboles que se encuentran dentro de sus propiedades, ya que pueden generar inconvenientes en la prestaci\u00f3n del servicio el\u00e9ctrico.<!--more--><\/p>\n<hr \/>\n<p>&nbsp;<\/p>\n<p>Integrantes del <strong>Consejo de Administraci\u00f3n y personal t\u00e9cnico de Coopelectric<\/strong> mantuvieron una reuni\u00f3n con los <strong>vecinos de Loma Negra.<\/strong> La reuni\u00f3n tuvo lugar en la sede de la Delegaci\u00f3n Municipal de la localidad.<\/p>\n<p>&nbsp;<\/p>\n<p>Cont\u00f3 con la participaci\u00f3n del presidente del Consejo de Administraci\u00f3n Cruz Arouxet, el Delegado Municipal Gabriel Suburu, los delegados de Coopelectric Pablo Cejas y Walter Bahl, el gerente de Coordinaci\u00f3n Ejecutiva Cr. Oscar L\u00f3pez, el gerente de Distribuci\u00f3n del Servicio El\u00e9ctrico Claudio N\u00e1poli y gran cantidad de vecinos de la localidad.<\/p>\n<p>&nbsp;<\/p>\n<p>El Delegado Municipal inici\u00f3 el encuentro manifestando la importancia de \u201c<strong>escuchar las inquietudes o problem\u00e1ticas de los vecinos, intercambiar ideas, opiniones y poder consensuar, para brindar explicaciones o soluciones en los casos que se requiera\u201d.<\/strong><\/p>\n<p>&nbsp;<\/p>\n<p>Luego tom\u00f3 la palabra <strong>Cruz Arouxet,<\/strong> quien expres\u00f3 que \u201cestuvimos en la localidad hace poco tiempo, y hoy tenemos el agrado de volver para comentarles las demandas que hemos podido atender y escuchar nuevas inquietudes, solicitudes o consultas\u201d.<\/p>\n<p>&nbsp;<\/p>\n<p>Entre los temas abordados, <strong>se destac\u00f3 la necesidad de que los vecinos realicen la poda de los \u00e1rboles que se encuentran dentro de sus propiedades, ya que pueden generar inconvenientes en la prestaci\u00f3n del servicio el\u00e9ctrico.<\/strong><\/p>\n<p>&nbsp;<\/p>\n<p>El Ing. <strong>Claudio N\u00e1poli<\/strong> explic\u00f3 que antes de realizar este tipo de tareas deben evaluar si las ramas de los \u00e1rboles se encuentran pr\u00f3ximas o sobre las redes el\u00e9ctricas, porque ello torna riesgosa la ejecuci\u00f3n. En ese caso, se les inform\u00f3 que \u201c<strong>deben contactarse con la Cooperativa para que podamos brindarles asesoramiento a los podadores sobre las medidas de seguridad<\/strong> correspondientes para realizar una poda segura, sin riesgo el\u00e9ctrico\u201d.<\/p>\n<p>&nbsp;<\/p>\n<p>&#8220;Consultado por la operaci\u00f3n y el mantenimiento del Alumbrado P\u00fablico, el Ing. N\u00e1poli se refiri\u00f3 a la conformaci\u00f3n del parque lum\u00ednico del Partido de Olavarr\u00eda y de la localidad de Loma Negra en particular. Explic\u00f3 que la expansi\u00f3n del sistema de alumbrado es planificada por el Municipio, brind\u00f3 detalles sobre la organizaci\u00f3n del trabajo operativo por parte de la Cooperativa y luego se registraron las consultas particulares de cada vecino&#8221; se indic\u00f3.<\/p>\n<p>&nbsp;<\/p>\n<p>Tras la reuni\u00f3n, el <strong>titular de Coopelectric Cruz Arouxet afirm\u00f3 que \u201ccada encuentro constituye un espacio de comunicaci\u00f3n directa con el asociado en el que compartimos conocimientos, inquietudes y promovemos la b\u00fasqueda de soluciones para las demandas recibidas\u201d.<\/strong><\/p>\n<p>&nbsp;<\/p>\n","protected":false},"excerpt":{"rendered":"<p>Se destac\u00f3 la necesidad de que los vecinos realicen la poda de los \u00e1rboles que se encuentran dentro de sus<\/p>\n","protected":false},"author":6,"featured_media":57667,"comment_status":"closed","ping_status":"closed","sticky":false,"template":"","format":"standard","meta":{"_jetpack_memberships_contains_paid_content":false,"footnotes":""},"categories":[5,1],"tags":[],"class_list":["post-57666","post","type-post","status-publish","format-standard","has-post-thumbnail","hentry","category-informacion-general","category-portada"],"jetpack_featured_media_url":"https:\/\/i0.wp.com\/cdnoticias.com\/wp-content\/uploads\/2022\/06\/Reunion-Loma-Negra.jpeg?fit=1600%2C1200&ssl=1","jetpack_sharing_enabled":true,"_links":{"self":[{"href":"https:\/\/cdnoticias.com\/index.php\/wp-json\/wp\/v2\/posts\/57666","targetHints":{"allow":["GET"]}}],"collection":[{"href":"https:\/\/cdnoticias.com\/index.php\/wp-json\/wp\/v2\/posts"}],"about":[{"href":"https:\/\/cdnoticias.com\/index.php\/wp-json\/wp\/v2\/types\/post"}],"author":[{"embeddable":true,"href":"https:\/\/cdnoticias.com\/index.php\/wp-json\/wp\/v2\/users\/6"}],"replies":[{"embeddable":true,"href":"https:\/\/cdnoticias.com\/index.php\/wp-json\/wp\/v2\/comments?post=57666"}],"version-history":[{"count":0,"href":"https:\/\/cdnoticias.com\/index.php\/wp-json\/wp\/v2\/posts\/57666\/revisions"}],"wp:featuredmedia":[{"embeddable":true,"href":"https:\/\/cdnoticias.com\/index.php\/wp-json\/wp\/v2\/media\/57667"}],"wp:attachment":[{"href":"https:\/\/cdnoticias.com\/index.php\/wp-json\/wp\/v2\/media?parent=57666"}],"wp:term":[{"taxonomy":"category","embeddable":true,"href":"https:\/\/cdnoticias.com\/index.php\/wp-json\/wp\/v2\/categories?post=57666"},{"taxonomy":"post_tag","embeddable":true,"href":"https:\/\/cdnoticias.com\/index.php\/wp-json\/wp\/v2\/tags?post=57666"}],"curies":[{"name":"wp","href":"https:\/\/api.w.org\/{rel}","templated":true}]}}