{"id":57663,"date":"2022-06-18T09:30:06","date_gmt":"2022-06-18T12:30:06","guid":{"rendered":"https:\/\/www.centraldenoticias.com.ar\/?p=57663"},"modified":"2022-06-18T10:41:23","modified_gmt":"2022-06-18T13:41:23","slug":"valicenti-se-reunio-con-kicillof-para-definir-la-agenda-legislativa","status":"publish","type":"post","link":"https:\/\/cdnoticias.com\/index.php\/2022\/06\/18\/valicenti-se-reunio-con-kicillof-para-definir-la-agenda-legislativa\/","title":{"rendered":"Valicenti se reuni\u00f3 con Kicillof para definir la agenda legislativa"},"content":{"rendered":"<p>El olavarriense, jefe de la bancada oficialista, dio a conocer el encuentro con el gobernador. La definici\u00f3n de los temas para la Legislatura bonaerense.<\/p>\n<p><!--more--><\/p>\n<hr \/>\n<p>&nbsp;<\/p>\n<p>Este jueves el diputado provincial <strong>C\u00e9sar Valicenti<\/strong> se reuni\u00f3 con el gobernador de la provincia de Buenos Aires, <strong>Axel Kicillof.\u00a0<\/strong><\/p>\n<p>&nbsp;<\/p>\n<p>El olavarriense, <strong>jefe del bloque Frente de Todos en la C\u00e1mara de Diputados de la Legislatura bonaerense<\/strong>, dio a conocer la reuni\u00f3n a trav\u00e9s de sus redes.<\/p>\n<p>&nbsp;<\/p>\n<p>Seg\u00fan indic\u00f3, el tema central del encuentro fue <strong>&#8220;avanzar en la agenda legislativa de nuestra Provincia&#8221;<\/strong> con la econom\u00eda en la mira: apunt\u00f3 &#8220;<strong>el desarrollo productivo y la recuperaci\u00f3n econ\u00f3mica&#8221;<\/strong> como el eje ordenador a la hora de definir los temas que entrar\u00e1n en debate.<\/p>\n<p>&nbsp;<\/p>\n<blockquote class=\"twitter-tweet\">\n<p dir=\"ltr\" lang=\"es\">En la tarde de hoy mantuvimos una reuni\u00f3n de trabajo con el gobernador <a href=\"https:\/\/twitter.com\/Kicillofok?ref_src=twsrc%5Etfw\">@Kicillofok<\/a> para avanzar en la agenda legislativa de nuestra Provincia, con la mirada puesta en el desarrollo productivo y la recuperaci\u00f3n econ\u00f3mica que mejoran la calidad de vida de los y las bonaerenses. <a href=\"https:\/\/t.co\/HSxwq5vVGA\">pic.twitter.com\/HSxwq5vVGA<\/a><\/p>\n<p>\u2014 Cesar Valicenti (@CesarValicenti) <a href=\"https:\/\/twitter.com\/CesarValicenti\/status\/1537581154915581953?ref_src=twsrc%5Etfw\">June 16, 2022<\/a><\/p><\/blockquote>\n<p><script async src=\"https:\/\/platform.twitter.com\/widgets.js\" charset=\"utf-8\"><\/script><\/p>\n<p>&nbsp;<\/p>\n","protected":false},"excerpt":{"rendered":"<p>El olavarriense, jefe de la bancada oficialista, dio a conocer el encuentro con el gobernador. La definici\u00f3n de los temas<\/p>\n","protected":false},"author":6,"featured_media":57717,"comment_status":"closed","ping_status":"closed","sticky":false,"template":"","format":"standard","meta":{"_jetpack_memberships_contains_paid_content":false,"footnotes":""},"categories":[4,1],"tags":[],"class_list":["post-57663","post","type-post","status-publish","format-standard","has-post-thumbnail","hentry","category-politica","category-portada"],"jetpack_featured_media_url":"https:\/\/i0.wp.com\/cdnoticias.com\/wp-content\/uploads\/2022\/06\/valicenti-kicillof.jpg?fit=800%2C445&ssl=1","jetpack_sharing_enabled":true,"_links":{"self":[{"href":"https:\/\/cdnoticias.com\/index.php\/wp-json\/wp\/v2\/posts\/57663","targetHints":{"allow":["GET"]}}],"collection":[{"href":"https:\/\/cdnoticias.com\/index.php\/wp-json\/wp\/v2\/posts"}],"about":[{"href":"https:\/\/cdnoticias.com\/index.php\/wp-json\/wp\/v2\/types\/post"}],"author":[{"embeddable":true,"href":"https:\/\/cdnoticias.com\/index.php\/wp-json\/wp\/v2\/users\/6"}],"replies":[{"embeddable":true,"href":"https:\/\/cdnoticias.com\/index.php\/wp-json\/wp\/v2\/comments?post=57663"}],"version-history":[{"count":0,"href":"https:\/\/cdnoticias.com\/index.php\/wp-json\/wp\/v2\/posts\/57663\/revisions"}],"wp:featuredmedia":[{"embeddable":true,"href":"https:\/\/cdnoticias.com\/index.php\/wp-json\/wp\/v2\/media\/57717"}],"wp:attachment":[{"href":"https:\/\/cdnoticias.com\/index.php\/wp-json\/wp\/v2\/media?parent=57663"}],"wp:term":[{"taxonomy":"category","embeddable":true,"href":"https:\/\/cdnoticias.com\/index.php\/wp-json\/wp\/v2\/categories?post=57663"},{"taxonomy":"post_tag","embeddable":true,"href":"https:\/\/cdnoticias.com\/index.php\/wp-json\/wp\/v2\/tags?post=57663"}],"curies":[{"name":"wp","href":"https:\/\/api.w.org\/{rel}","templated":true}]}}