{"id":57658,"date":"2022-06-18T09:05:29","date_gmt":"2022-06-18T12:05:29","guid":{"rendered":"https:\/\/www.centraldenoticias.com.ar\/?p=57658"},"modified":"2022-06-18T15:18:40","modified_gmt":"2022-06-18T18:18:40","slug":"lista-azul-y-blanca-de-el-fortin-queremos-que-los-socios-decidan-en-las-urnas","status":"publish","type":"post","link":"https:\/\/cdnoticias.com\/index.php\/2022\/06\/18\/lista-azul-y-blanca-de-el-fortin-queremos-que-los-socios-decidan-en-las-urnas\/","title":{"rendered":"Lista Azul y Blanca de El Fort\u00edn: &#8220;queremos que los socios decidan en las urnas\u201d"},"content":{"rendered":"<p>La lista qued\u00f3 inhabilitada para competir en las elecciones. Se emiti\u00f3 un comunicado en el que se inform\u00f3 sobre las denunciadas irregularidades.<!--more--><\/p>\n<hr \/>\n<p>&nbsp;<\/p>\n<p>En la jornada de este jueves, a trav\u00e9s de la cuenta oficial de Facebook del Club Social y Deportivo El Fort\u00edn se emiti\u00f3 un comunicado en el que se inform\u00f3 sobre<strong> irregularidades en la lista Azul y Blanca que encabeza Antonio Bellingeri. <\/strong>\u201cLa irregularidad es la no presentaci\u00f3n de apoderados y la de constituir un domicilio especial como lo ordena el estatuto\u201d se indic\u00f3.<\/p>\n<p>&nbsp;<\/p>\n<p>Adem\u00e1s, la lista Azul y Blanca tambi\u00e9n lanz\u00f3 un comunicado en el que se explic\u00f3 que \u201cel d\u00eda 9 de junio se present\u00f3 por secretar\u00eda el listado de socios que conforman la lista Azul y Blanca<strong> cumpliendo con lo que establece el Estatuto Social con una antelaci\u00f3n de cinco d\u00edas h\u00e1biles previos a la asamblea. Queremos que los socios decidan en las urnas que tipo de dirigencia quieren para el Club\u201d.\u00a0<\/strong><\/p>\n<p>&nbsp;<\/p>\n<p>Desde la lista opositora llamaron a la reflexi\u00f3n ya que &#8220;<strong>creen que hubo malas intenciones en la presentaci\u00f3n de las irregularidades.<\/strong> Hablan de la no constituci\u00f3n de domicilio y cuentan con un libro de socios donde pueden encontrar todos nuestros datos para hacer llegar esto&#8221;.<\/p>\n<p>&nbsp;<\/p>\n<p>En este sentido, desde la lista que encabeza Antonio Belligeri, recordaron que <strong>\u201cdesde el a\u00f1o 2018 se encuentran prorrogando un mandato y gobernando sin el debido marco legal\u201d. <\/strong><\/p>\n<p>&nbsp;<\/p>\n<p>&#8220;Cabe destacar que desde ese mismo a\u00f1o<strong> no se realizan las asambleas correspondientes ni tampoco hicieron la presentaci\u00f3n de Memoria y Balance como era debid<\/strong>o&#8221; se remarc\u00f3.<\/p>\n<p>&nbsp;<\/p>\n<p>\u201cRespaldarse en un artilugio legal para obstaculizar el derecho constitucional de asociarse libremente es una <strong>conducta antidemocr\u00e1tica que solicitamos que sea inmediatamente revisada y revertida<\/strong> para que el d\u00eda de la asamblea sean los asociados quienes decidan en las urnas que clase de dirigencia desean que conduzcan los destinos de la instituci\u00f3n\u201d, se expres\u00f3.<\/p>\n<p>&nbsp;<\/p>\n<p>Por otro lado, <strong>denunciaron que &#8220;socios que se quisieron poner al d\u00eda con la cuota societaria no se lo permitieron porque desde el oficialismo interpretaron en el estatuto que 24 hs h\u00e1biles antes se cerraba la actualizaci\u00f3n de socios, y en el estatuto no habla de 24 hs en ning\u00fan lado\u201d<\/strong>.<\/p>\n<p>&nbsp;<\/p>\n<p>&#8220;Hasta \u00faltima hora del d\u00eda jueves, integrantes de la lista Azul y Blanca estuvieron en instalaciones del Club El Fort\u00edn y <strong>se encontraban pegados los padrones y ambas listas por lo que insisten en malas intenciones y en obstaculizar la comunicaci\u00f3n<\/strong> ya que todos los d\u00edas de la semana estuvimos en el club y no encontramos ning\u00fan miembro de la comisi\u00f3n actual&#8221; se agreg\u00f3.<\/p>\n<p>&nbsp;<\/p>\n<p>Luego del comunicado en la cuenta oficial de El Fort\u00edn, las redes sociales se llenaron de <strong>socios e hinchas pidieron elecciones y explicaciones.<\/strong> Desde la lista opositora solicitan que <strong>&#8220;se hagan las elecciones y dejen llevar a cabo el acto eleccionario sin irregularidades&#8221;.<\/strong><\/p>\n<p>&nbsp;<\/p>\n<p>Por \u00faltimo, se expres\u00f3 que \u201cde mantenerse esta situaci\u00f3n, <strong>ser\u00e1 necesario denunciar la ilegalidad manifiesta de la Asamblea,<\/strong> solicitar al Departamento de Intervenciones de la Direcci\u00f3n de Personas Jur\u00eddicas que proceda a la intervenci\u00f3n del Club debido a esta irregularidad y a otras tantas que denunciar\u00e1n por sede penal ya que este c\u00famulo de hechos atentan contra el correcto funcionamiento social de la instituci\u00f3n\u201d.<\/p>\n","protected":false},"excerpt":{"rendered":"<p>La lista qued\u00f3 inhabilitada para competir en las elecciones. Se emiti\u00f3 un comunicado en el que se inform\u00f3 sobre las<\/p>\n","protected":false},"author":6,"featured_media":57659,"comment_status":"closed","ping_status":"closed","sticky":false,"template":"","format":"standard","meta":{"_jetpack_memberships_contains_paid_content":false,"footnotes":""},"categories":[5],"tags":[],"class_list":["post-57658","post","type-post","status-publish","format-standard","has-post-thumbnail","hentry","category-informacion-general"],"jetpack_featured_media_url":"https:\/\/i0.wp.com\/cdnoticias.com\/wp-content\/uploads\/2022\/06\/286928521_3162085837364071_317151914968020970_n.jpg?fit=1024%2C768&ssl=1","jetpack_sharing_enabled":true,"_links":{"self":[{"href":"https:\/\/cdnoticias.com\/index.php\/wp-json\/wp\/v2\/posts\/57658","targetHints":{"allow":["GET"]}}],"collection":[{"href":"https:\/\/cdnoticias.com\/index.php\/wp-json\/wp\/v2\/posts"}],"about":[{"href":"https:\/\/cdnoticias.com\/index.php\/wp-json\/wp\/v2\/types\/post"}],"author":[{"embeddable":true,"href":"https:\/\/cdnoticias.com\/index.php\/wp-json\/wp\/v2\/users\/6"}],"replies":[{"embeddable":true,"href":"https:\/\/cdnoticias.com\/index.php\/wp-json\/wp\/v2\/comments?post=57658"}],"version-history":[{"count":0,"href":"https:\/\/cdnoticias.com\/index.php\/wp-json\/wp\/v2\/posts\/57658\/revisions"}],"wp:featuredmedia":[{"embeddable":true,"href":"https:\/\/cdnoticias.com\/index.php\/wp-json\/wp\/v2\/media\/57659"}],"wp:attachment":[{"href":"https:\/\/cdnoticias.com\/index.php\/wp-json\/wp\/v2\/media?parent=57658"}],"wp:term":[{"taxonomy":"category","embeddable":true,"href":"https:\/\/cdnoticias.com\/index.php\/wp-json\/wp\/v2\/categories?post=57658"},{"taxonomy":"post_tag","embeddable":true,"href":"https:\/\/cdnoticias.com\/index.php\/wp-json\/wp\/v2\/tags?post=57658"}],"curies":[{"name":"wp","href":"https:\/\/api.w.org\/{rel}","templated":true}]}}