{"id":57650,"date":"2022-06-17T17:00:40","date_gmt":"2022-06-17T20:00:40","guid":{"rendered":"https:\/\/www.centraldenoticias.com.ar\/?p=57650"},"modified":"2022-06-18T09:44:26","modified_gmt":"2022-06-18T12:44:26","slug":"covid-19-fallecieron-dos-pacientes-en-olavarria","status":"publish","type":"post","link":"https:\/\/cdnoticias.com\/index.php\/2022\/06\/17\/covid-19-fallecieron-dos-pacientes-en-olavarria\/","title":{"rendered":"Covid 19: fallecieron dos pacientes en Olavarr\u00eda"},"content":{"rendered":"<p>Se detectaron 11 nuevos positivos. Hay tres pacientes internados en el sector de Cuidados Generales del Hospital Municipal \u00abDr. H\u00e9ctor Cura\u00bb y dos en Pediatr\u00eda.<!--more--><\/p>\n<hr \/>\n<p>&nbsp;<\/p>\n<p>La Secretar\u00eda de Salud del Municipio emiti\u00f3 el informe sanitario correspondiente a la semana del <strong>13 al 17 de junio de 2022.<\/strong><\/p>\n<p>&nbsp;<\/p>\n<p>En este sentido, se inform\u00f3 que <strong>fallecieron dos pacientes con Covid-19.<\/strong> Uno de ellos era un paciente de sexo masculino de 86 a\u00f1os que falleci\u00f3 el 14 de junio y ten\u00eda una dosis de Pfizer. La otra era una paciente de sexo femenino de 95 a\u00f1os que falleci\u00f3 el 11 de junio y ten\u00eda tres dosis de vacunas.<\/p>\n<p>&nbsp;<\/p>\n<p>Adem\u00e1s, se indic\u00f3 que fueron 50 los testeos que se realizaron, de los cuales <strong>11 fueron positivos<\/strong> y 39 negativos para Covid-19.<\/p>\n<p>&nbsp;<\/p>\n<p>En la semana 50 pacientes recibieron el alta m\u00e9dica, por lo que son <strong>13 las personas que transitan la enfermedad en Olavarr\u00eda<\/strong>. La mayor\u00eda de los pacientes activos tiene <strong>menos de 60 a\u00f1os.<\/strong><\/p>\n<p>&nbsp;<\/p>\n<p>La Secretar\u00eda de Salud indic\u00f3 que la positividad fue de 22% y que hay<strong> tres pacientes internados en el sector de Cuidados Generales del Hospital Municipal \u00abDr. H\u00e9ctor Cura\u00bb y dos en Pediatr\u00eda.<\/strong><\/p>\n","protected":false},"excerpt":{"rendered":"<p>Se detectaron 11 nuevos positivos. Hay tres pacientes internados en el sector de Cuidados Generales del Hospital Municipal \u00abDr. H\u00e9ctor<\/p>\n","protected":false},"author":6,"featured_media":0,"comment_status":"closed","ping_status":"closed","sticky":false,"template":"","format":"standard","meta":{"_jetpack_memberships_contains_paid_content":false,"footnotes":""},"categories":[16,1],"tags":[],"class_list":["post-57650","post","type-post","status-publish","format-standard","hentry","category-covid-19","category-portada"],"jetpack_featured_media_url":"","jetpack_sharing_enabled":true,"_links":{"self":[{"href":"https:\/\/cdnoticias.com\/index.php\/wp-json\/wp\/v2\/posts\/57650","targetHints":{"allow":["GET"]}}],"collection":[{"href":"https:\/\/cdnoticias.com\/index.php\/wp-json\/wp\/v2\/posts"}],"about":[{"href":"https:\/\/cdnoticias.com\/index.php\/wp-json\/wp\/v2\/types\/post"}],"author":[{"embeddable":true,"href":"https:\/\/cdnoticias.com\/index.php\/wp-json\/wp\/v2\/users\/6"}],"replies":[{"embeddable":true,"href":"https:\/\/cdnoticias.com\/index.php\/wp-json\/wp\/v2\/comments?post=57650"}],"version-history":[{"count":0,"href":"https:\/\/cdnoticias.com\/index.php\/wp-json\/wp\/v2\/posts\/57650\/revisions"}],"wp:attachment":[{"href":"https:\/\/cdnoticias.com\/index.php\/wp-json\/wp\/v2\/media?parent=57650"}],"wp:term":[{"taxonomy":"category","embeddable":true,"href":"https:\/\/cdnoticias.com\/index.php\/wp-json\/wp\/v2\/categories?post=57650"},{"taxonomy":"post_tag","embeddable":true,"href":"https:\/\/cdnoticias.com\/index.php\/wp-json\/wp\/v2\/tags?post=57650"}],"curies":[{"name":"wp","href":"https:\/\/api.w.org\/{rel}","templated":true}]}}