{"id":57633,"date":"2022-06-17T13:19:10","date_gmt":"2022-06-17T16:19:10","guid":{"rendered":"https:\/\/www.centraldenoticias.com.ar\/?p=57633"},"modified":"2022-06-17T15:40:05","modified_gmt":"2022-06-17T18:40:05","slug":"alerta-meteorologico-para-olavarria-por-el-viento","status":"publish","type":"post","link":"https:\/\/cdnoticias.com\/index.php\/2022\/06\/17\/alerta-meteorologico-para-olavarria-por-el-viento\/","title":{"rendered":"Alerta meteorol\u00f3gico para Olavarr\u00eda por el viento"},"content":{"rendered":"<p>Media provincia de Buenos Aires est\u00e1 alcanzada por el alerta. El Servicio Meteorol\u00f3gico Nacional previ\u00f3 r\u00e1fagas de hasta 65 kil\u00f3metros por hora.<!--more--><\/p>\n<hr \/>\n<p>Desde las primeras horas de la ma\u00f1ana de este viernes se emiti\u00f3 un <strong>alerta meteorol\u00f3gico por viento que incluye a Olavarr\u00eda<\/strong>.<\/p>\n<p>&nbsp;<\/p>\n<p>El <strong>Servicio Meteorol\u00f3gico Nacional previ\u00f3 r\u00e1fagas de hasta 65 kil\u00f3metros por hora para gran parte de la regi\u00f3n este y centro de la provincia<\/strong> de Buenos Aires, y qued\u00f3 incluida en la emisi\u00f3n la zona que componen <strong>Olavarr\u00eda, Laprida y La Madrid<\/strong>.<\/p>\n<p>&nbsp;<\/p>\n<blockquote><p>El alerta es nivel \u201camarillo\u201d y se\u00f1ala que \u201cel \u00e1rea ser\u00e1 afectada por vientos del sudoeste con velocidades entre 35 y 45 km\/h, y r\u00e1fagas que pueden superar los 65 km\/h. Los vientos m\u00e1s intensos se prev\u00e9n sobre las zonas costeras de la provincia de Buenos Aires\u201d.<\/p><\/blockquote>\n<p>&nbsp;<\/p>\n<p>Abarca la <strong>ma\u00f1ana y la tarde de este viernes<\/strong>.<\/p>\n<p>&nbsp;<\/p>\n<p>El pron\u00f3stico para la jornada indic\u00f3 viento de entre 32 y 41 kil\u00f3metros por hora durante la tarde, bajando a entre 13 y 22 kil\u00f3metros por hora por la noche. <strong>Las r\u00e1fagas podr\u00edan alcanzar 70 kil\u00f3metros por hora<\/strong>.<\/p>\n<p>&nbsp;<\/p>\n<blockquote><p>En el plano local, la Estaci\u00f3n Meteorol\u00f3gica ubicada en el Aer\u00f3dromo de Olavarr\u00eda inform\u00f3 que la temperatura m\u00ednima del viernes se registr\u00f3 a las 3.15 horas y fue de -0,5\u00ba. La m\u00e1xima prevista es de 9\u00ba.<\/p><\/blockquote>\n<p>&nbsp;<\/p>\n<p>La <strong>visibilidad se mantiene reducida<\/strong> por polvo levantado por el viento.<\/p>\n","protected":false},"excerpt":{"rendered":"<p>Media provincia de Buenos Aires est\u00e1 alcanzada por el alerta. El Servicio Meteorol\u00f3gico Nacional previ\u00f3 r\u00e1fagas de hasta 65 kil\u00f3metros<\/p>\n","protected":false},"author":4,"featured_media":57634,"comment_status":"closed","ping_status":"closed","sticky":false,"template":"","format":"standard","meta":{"_jetpack_memberships_contains_paid_content":false,"footnotes":""},"categories":[5,1],"tags":[],"class_list":["post-57633","post","type-post","status-publish","format-standard","has-post-thumbnail","hentry","category-informacion-general","category-portada"],"jetpack_featured_media_url":"https:\/\/i0.wp.com\/cdnoticias.com\/wp-content\/uploads\/2022\/06\/viento-clima-rafagas-00.jpg?fit=800%2C445&ssl=1","jetpack_sharing_enabled":true,"_links":{"self":[{"href":"https:\/\/cdnoticias.com\/index.php\/wp-json\/wp\/v2\/posts\/57633","targetHints":{"allow":["GET"]}}],"collection":[{"href":"https:\/\/cdnoticias.com\/index.php\/wp-json\/wp\/v2\/posts"}],"about":[{"href":"https:\/\/cdnoticias.com\/index.php\/wp-json\/wp\/v2\/types\/post"}],"author":[{"embeddable":true,"href":"https:\/\/cdnoticias.com\/index.php\/wp-json\/wp\/v2\/users\/4"}],"replies":[{"embeddable":true,"href":"https:\/\/cdnoticias.com\/index.php\/wp-json\/wp\/v2\/comments?post=57633"}],"version-history":[{"count":0,"href":"https:\/\/cdnoticias.com\/index.php\/wp-json\/wp\/v2\/posts\/57633\/revisions"}],"wp:featuredmedia":[{"embeddable":true,"href":"https:\/\/cdnoticias.com\/index.php\/wp-json\/wp\/v2\/media\/57634"}],"wp:attachment":[{"href":"https:\/\/cdnoticias.com\/index.php\/wp-json\/wp\/v2\/media?parent=57633"}],"wp:term":[{"taxonomy":"category","embeddable":true,"href":"https:\/\/cdnoticias.com\/index.php\/wp-json\/wp\/v2\/categories?post=57633"},{"taxonomy":"post_tag","embeddable":true,"href":"https:\/\/cdnoticias.com\/index.php\/wp-json\/wp\/v2\/tags?post=57633"}],"curies":[{"name":"wp","href":"https:\/\/api.w.org\/{rel}","templated":true}]}}