{"id":57602,"date":"2022-06-16T19:17:30","date_gmt":"2022-06-16T22:17:30","guid":{"rendered":"https:\/\/www.centraldenoticias.com.ar\/?p=57602"},"modified":"2022-06-16T19:17:30","modified_gmt":"2022-06-16T22:17:30","slug":"belen-vergel-junto-a-la-diputada-danya-tavela","status":"publish","type":"post","link":"https:\/\/cdnoticias.com\/index.php\/2022\/06\/16\/belen-vergel-junto-a-la-diputada-danya-tavela\/","title":{"rendered":"Bel\u00e9n Vergel junto a la Diputada Danya Tavela"},"content":{"rendered":"<p>La diputada comparti\u00f3 algunos de los proyectos en los cuales est\u00e1 trabajando, de los cuales muchos podr\u00edan tener implicancias para Olavarr\u00eda. <!--more--><\/p>\n<hr \/>\n<p>Este jueves, <strong>la concejal por el radicalismo Bel\u00e9n Vergel mantuvo un encuentro con la diputada nacional Danya Tavela en la C\u00e1mara de Diputados de la Naci\u00f3n<\/strong>, donde compartieron un di\u00e1logo sobre proyectos y propuestas que podr\u00edan tener impacto local.<\/p>\n<p>&nbsp;<\/p>\n<p>Una vez m\u00e1s, la legisladora nacional y Vicerrectora de la UNNOBA \u201cdej\u00f3 en claro el fuerte acompa\u00f1amiento a la labor llevada a cabo por Vergel\u201d explicaron. <strong>Desde hace tiempo las dirigentes muestran cercan\u00eda y un acompa\u00f1amiento mutuo y permanente.<\/strong> La concejal en m\u00e1s de una oportunidad ha resaltado esto, e incluso ha replicado en el HCD proyectos impulsados por Tavela.<\/p>\n<p>&nbsp;<\/p>\n<p>Seg\u00fan se inform\u00f3,<em> \u201chubo tiempo para intercambiar ideas que generen proyectos, y especialmente, para analizar y avanzar en la construcci\u00f3n que se viene dentro de Juntos\u201d.<\/em><\/p>\n<p>&nbsp;<\/p>\n<p>Vergel explic\u00f3, a modo de balance, que <strong><em>&#8220;siempre es fruct\u00edfero reunirse con dirigentes nacionales. Especialmente en el caso de Danya, ya que es alguien que est\u00e1 muy cerca del trabajo que hacemos en Olavarr\u00eda. Tenemos mucho en com\u00fan y seguiremos trabajando en cuestiones que faciliten la vida diaria de nuestros vecinos&#8221;.<\/em><\/strong><\/p>\n","protected":false},"excerpt":{"rendered":"<p>La diputada comparti\u00f3 algunos de los proyectos en los cuales est\u00e1 trabajando, de los cuales muchos podr\u00edan tener implicancias para<\/p>\n","protected":false},"author":2,"featured_media":57603,"comment_status":"closed","ping_status":"closed","sticky":false,"template":"","format":"standard","meta":{"_jetpack_memberships_contains_paid_content":false,"footnotes":""},"categories":[4,1],"tags":[],"class_list":["post-57602","post","type-post","status-publish","format-standard","has-post-thumbnail","hentry","category-politica","category-portada"],"jetpack_featured_media_url":"https:\/\/i0.wp.com\/cdnoticias.com\/wp-content\/uploads\/2022\/06\/IMG_20220616_183506_747.webp?fit=552%2C552&ssl=1","jetpack_sharing_enabled":true,"_links":{"self":[{"href":"https:\/\/cdnoticias.com\/index.php\/wp-json\/wp\/v2\/posts\/57602","targetHints":{"allow":["GET"]}}],"collection":[{"href":"https:\/\/cdnoticias.com\/index.php\/wp-json\/wp\/v2\/posts"}],"about":[{"href":"https:\/\/cdnoticias.com\/index.php\/wp-json\/wp\/v2\/types\/post"}],"author":[{"embeddable":true,"href":"https:\/\/cdnoticias.com\/index.php\/wp-json\/wp\/v2\/users\/2"}],"replies":[{"embeddable":true,"href":"https:\/\/cdnoticias.com\/index.php\/wp-json\/wp\/v2\/comments?post=57602"}],"version-history":[{"count":0,"href":"https:\/\/cdnoticias.com\/index.php\/wp-json\/wp\/v2\/posts\/57602\/revisions"}],"wp:featuredmedia":[{"embeddable":true,"href":"https:\/\/cdnoticias.com\/index.php\/wp-json\/wp\/v2\/media\/57603"}],"wp:attachment":[{"href":"https:\/\/cdnoticias.com\/index.php\/wp-json\/wp\/v2\/media?parent=57602"}],"wp:term":[{"taxonomy":"category","embeddable":true,"href":"https:\/\/cdnoticias.com\/index.php\/wp-json\/wp\/v2\/categories?post=57602"},{"taxonomy":"post_tag","embeddable":true,"href":"https:\/\/cdnoticias.com\/index.php\/wp-json\/wp\/v2\/tags?post=57602"}],"curies":[{"name":"wp","href":"https:\/\/api.w.org\/{rel}","templated":true}]}}