{"id":57594,"date":"2022-06-16T18:55:25","date_gmt":"2022-06-16T21:55:25","guid":{"rendered":"https:\/\/www.centraldenoticias.com.ar\/?p=57594"},"modified":"2022-06-16T20:46:29","modified_gmt":"2022-06-16T23:46:29","slug":"autorizaron-una-suba-en-el-gasoil-desde-el-viernes-pero-en-olavarria-ya-aumento","status":"publish","type":"post","link":"https:\/\/cdnoticias.com\/index.php\/2022\/06\/16\/autorizaron-una-suba-en-el-gasoil-desde-el-viernes-pero-en-olavarria-ya-aumento\/","title":{"rendered":"Autorizaron una suba en el gasoil desde el viernes pero en Olavarr\u00eda ya aument\u00f3"},"content":{"rendered":"<p>Tras la confirmaci\u00f3n de un incremento de precios de hasta el 12% en dicho combustible, algunas estaciones de servicio locales se sorprendieron por el cambio en los precios de los surtidores. La Premium supera los 200 pesos.<!--more--><\/p>\n<hr \/>\n<p>Sorpresivamente, la tarde de este jueves en Olavarr\u00eda tuvo un incremento anticipado:<strong> si bien se inform\u00f3 que el gasoil tendr\u00e1 un incremento del 12% desde las 00 del viernes, en nuestra ciudad ese incremento se pudo ver en los surtidores de algunas estaciones de servicio con una suba, en principio, mayor al autorizado.<\/strong><\/p>\n<p>&nbsp;<\/p>\n<p>Por la escasez de dicho combustible y el contexto general de poco abastecimiento,<strong> el Gobierno Nacional autoriz\u00f3 una suba de hasta el 12% pero solo en el gasoil de todo el pa\u00eds<\/strong>, mientras que en paralelo subir\u00e1 la proporci\u00f3n obligatoria de biodiesel empleada en la mezcla con combustibles f\u00f3siles en busca de abastecer la mayor demanda local de gasoil, principalmente del sector agroexportador.<\/p>\n<p>&nbsp;<\/p>\n<p><strong>En Olavarr\u00eda hubo much\u00edsima sorpresa por el cambio rotundo, durante este jueves, de los precios.<\/strong> El lunes el di\u00e9sel com\u00fan costaba $133,90 y pasar\u00e1 a costar $149,70; <strong>la l\u00ednea Premium de YPF, Infinia, pasa de $178,90 a $204,70, superando por primera vez la barrera de los $200.<\/strong><\/p>\n<p>&nbsp;<\/p>\n<p>Por ahora<strong> esta suba repentina se vio en estaciones de servicio YPF<\/strong>, aunque se espera que las dem\u00e1s compa\u00f1\u00edas se acoplen a la suba en un contexto de falta de este tipo de combustible no s\u00f3lo en Olavarr\u00eda, sino en todo el pa\u00eds.<\/p>\n","protected":false},"excerpt":{"rendered":"<p>Tras la confirmaci\u00f3n de un incremento de precios de hasta el 12% en dicho combustible, algunas estaciones de servicio locales<\/p>\n","protected":false},"author":2,"featured_media":57595,"comment_status":"closed","ping_status":"closed","sticky":false,"template":"","format":"standard","meta":{"_jetpack_memberships_contains_paid_content":false,"footnotes":""},"categories":[5,1],"tags":[],"class_list":["post-57594","post","type-post","status-publish","format-standard","has-post-thumbnail","hentry","category-informacion-general","category-portada"],"jetpack_featured_media_url":"https:\/\/i0.wp.com\/cdnoticias.com\/wp-content\/uploads\/2022\/06\/combustible-gasoil-suba.jpg?fit=1200%2C720&ssl=1","jetpack_sharing_enabled":true,"_links":{"self":[{"href":"https:\/\/cdnoticias.com\/index.php\/wp-json\/wp\/v2\/posts\/57594","targetHints":{"allow":["GET"]}}],"collection":[{"href":"https:\/\/cdnoticias.com\/index.php\/wp-json\/wp\/v2\/posts"}],"about":[{"href":"https:\/\/cdnoticias.com\/index.php\/wp-json\/wp\/v2\/types\/post"}],"author":[{"embeddable":true,"href":"https:\/\/cdnoticias.com\/index.php\/wp-json\/wp\/v2\/users\/2"}],"replies":[{"embeddable":true,"href":"https:\/\/cdnoticias.com\/index.php\/wp-json\/wp\/v2\/comments?post=57594"}],"version-history":[{"count":0,"href":"https:\/\/cdnoticias.com\/index.php\/wp-json\/wp\/v2\/posts\/57594\/revisions"}],"wp:featuredmedia":[{"embeddable":true,"href":"https:\/\/cdnoticias.com\/index.php\/wp-json\/wp\/v2\/media\/57595"}],"wp:attachment":[{"href":"https:\/\/cdnoticias.com\/index.php\/wp-json\/wp\/v2\/media?parent=57594"}],"wp:term":[{"taxonomy":"category","embeddable":true,"href":"https:\/\/cdnoticias.com\/index.php\/wp-json\/wp\/v2\/categories?post=57594"},{"taxonomy":"post_tag","embeddable":true,"href":"https:\/\/cdnoticias.com\/index.php\/wp-json\/wp\/v2\/tags?post=57594"}],"curies":[{"name":"wp","href":"https:\/\/api.w.org\/{rel}","templated":true}]}}