{"id":57550,"date":"2022-06-16T08:50:07","date_gmt":"2022-06-16T11:50:07","guid":{"rendered":"https:\/\/www.centraldenoticias.com.ar\/?p=57550"},"modified":"2022-06-16T10:31:55","modified_gmt":"2022-06-16T13:31:55","slug":"loma-negra-se-movilizo-en-apoyo-al-club-entregaron-un-petitorio-en-la-fabrica","status":"publish","type":"post","link":"https:\/\/cdnoticias.com\/index.php\/2022\/06\/16\/loma-negra-se-movilizo-en-apoyo-al-club-entregaron-un-petitorio-en-la-fabrica\/","title":{"rendered":"Loma Negra se moviliz\u00f3 en apoyo al Club: entregaron un petitorio en la f\u00e1brica"},"content":{"rendered":"<p>Decenas de asistentes marcharon desde la plaza de la Villa Vieja hasta la empresa. Fueron recibidos y pudieron entregar una carta con m\u00e1s de mil firmas de apoyo.<!--more--><\/p>\n<hr \/>\n<p><strong>Vecinos y vecinas de la localidad de Loma Negra se movilizaron el mi\u00e9rcoles por la tarde para entregar un petitorio a la cementera<\/strong> con el fin de que revea <a href=\"https:\/\/cdnoticias.com\/index.php\/2022\/06\/11\/club-loma-negra-vecinos-se-movilizaran-para-entregar-un-petitorio-a-la-cementera\/\" target=\"_blank\" rel=\"noopener\">su decisi\u00f3n de dejar de apoyar econ\u00f3micamente al club que lleva su nombre<\/a>.<\/p>\n<p>&nbsp;<\/p>\n<p>La <strong>convocatoria se realiz\u00f3 en la Plaza de la Eficiencia, de la Villa Vieja<\/strong>, y donde se dieron cita decenas de manifestantes, entre ellos numerosos ni\u00f1os, ni\u00f1as y adolescentes que realizan sus actividades deportivas en las instalaciones.<\/p>\n<p>&nbsp;<\/p>\n<p><img data-recalc-dims=\"1\" loading=\"lazy\" decoding=\"async\" class=\"size-full wp-image-57551 aligncenter\" src=\"https:\/\/i0.wp.com\/cdnoticias.com\/wp-content\/uploads\/2022\/06\/club-loma-negra-petitorio-02.jpg?resize=800%2C445&#038;ssl=1\" alt=\"\" width=\"800\" height=\"445\" srcset=\"https:\/\/i0.wp.com\/cdnoticias.com\/wp-content\/uploads\/2022\/06\/club-loma-negra-petitorio-02.jpg?w=800&amp;ssl=1 800w, https:\/\/i0.wp.com\/cdnoticias.com\/wp-content\/uploads\/2022\/06\/club-loma-negra-petitorio-02.jpg?resize=300%2C167&amp;ssl=1 300w, https:\/\/i0.wp.com\/cdnoticias.com\/wp-content\/uploads\/2022\/06\/club-loma-negra-petitorio-02.jpg?resize=768%2C427&amp;ssl=1 768w\" sizes=\"auto, (max-width: 800px) 100vw, 800px\" \/><\/p>\n<p>&nbsp;<\/p>\n<p>Desde all\u00ed los asistentes <strong>marcharon hasta la Planta para entregar el petitorio y las m\u00e1s de 1.300 firmas recolectadas<\/strong>.<\/p>\n<p>&nbsp;<\/p>\n<p><strong>Un peque\u00f1o grupo de representantes pudo ingresar a la empresa y entregar el petitorio<\/strong> a los directivos, a fin de que llegue a las principales autoridades de la cementera.<\/p>\n<p>&nbsp;<\/p>\n<p><img data-recalc-dims=\"1\" loading=\"lazy\" decoding=\"async\" class=\"size-full wp-image-57553 aligncenter\" src=\"https:\/\/i0.wp.com\/cdnoticias.com\/wp-content\/uploads\/2022\/06\/club-loma-negra-petitorio-01.jpg?resize=800%2C445&#038;ssl=1\" alt=\"\" width=\"800\" height=\"445\" srcset=\"https:\/\/i0.wp.com\/cdnoticias.com\/wp-content\/uploads\/2022\/06\/club-loma-negra-petitorio-01.jpg?w=800&amp;ssl=1 800w, https:\/\/i0.wp.com\/cdnoticias.com\/wp-content\/uploads\/2022\/06\/club-loma-negra-petitorio-01.jpg?resize=300%2C167&amp;ssl=1 300w, https:\/\/i0.wp.com\/cdnoticias.com\/wp-content\/uploads\/2022\/06\/club-loma-negra-petitorio-01.jpg?resize=768%2C427&amp;ssl=1 768w\" sizes=\"auto, (max-width: 800px) 100vw, 800px\" \/><\/p>\n<p>&nbsp;<\/p>\n<p>Cabe recordar que a fines de mayo, en la asamblea anual del Club Loma Negra, las autoridades expusieron la intenci\u00f3n de la empresa, que pertenece al grupo brasile\u00f1o Camargo Correa, de \u201cdesvincularse\u201d del club. Esta decisi\u00f3n incluye <strong>dejar de abonar los sueldos de cinco empleados<\/strong>, quienes a\u00fan no percibieron los cobros de mayo, y de <strong>dejar de abonar los servicios de luz, gas y agua<\/strong> en la instituci\u00f3n a partir del 31 de diciembre de este a\u00f1o.<\/p>\n<p>&nbsp;<\/p>\n<blockquote><p>Sobre esos dos aspectos se busc\u00f3 dialogar mediante la entrega del petitorio. La intenci\u00f3n inicial es que la empresa revea su decisi\u00f3n o que estire los plazos de aplicaci\u00f3n, a fin de que el Club Loma Negra pueda afrontar las inversiones que se requieren.<\/p><\/blockquote>\n<p>&nbsp;<\/p>\n<p>En la manifestaci\u00f3n de este mi\u00e9rcoles se supo que <strong>ya hubo contactos entre los directivos del club, entre ellos el presidente Walter Bahl, y representantes de la empresa, aunque no hubo definiciones<\/strong>. En este sentido, se mostr\u00f3 confianza en que la entrega del petitorio con el apoyo de la comunidad permita avanzar en los acuerdos.<\/p>\n<p>&nbsp;<\/p>\n<p>Fotos: <em>Loma Negra Nuestra Gente<\/em><\/p>\n","protected":false},"excerpt":{"rendered":"<p>Decenas de asistentes marcharon desde la plaza de la Villa Vieja hasta la empresa. Fueron recibidos y pudieron entregar una<\/p>\n","protected":false},"author":4,"featured_media":57552,"comment_status":"closed","ping_status":"closed","sticky":false,"template":"","format":"standard","meta":{"_jetpack_memberships_contains_paid_content":false,"footnotes":""},"categories":[5,1],"tags":[],"class_list":["post-57550","post","type-post","status-publish","format-standard","has-post-thumbnail","hentry","category-informacion-general","category-portada"],"jetpack_featured_media_url":"https:\/\/i0.wp.com\/cdnoticias.com\/wp-content\/uploads\/2022\/06\/club-loma-negra-petitorio-00.jpg?fit=800%2C445&ssl=1","jetpack_sharing_enabled":true,"_links":{"self":[{"href":"https:\/\/cdnoticias.com\/index.php\/wp-json\/wp\/v2\/posts\/57550","targetHints":{"allow":["GET"]}}],"collection":[{"href":"https:\/\/cdnoticias.com\/index.php\/wp-json\/wp\/v2\/posts"}],"about":[{"href":"https:\/\/cdnoticias.com\/index.php\/wp-json\/wp\/v2\/types\/post"}],"author":[{"embeddable":true,"href":"https:\/\/cdnoticias.com\/index.php\/wp-json\/wp\/v2\/users\/4"}],"replies":[{"embeddable":true,"href":"https:\/\/cdnoticias.com\/index.php\/wp-json\/wp\/v2\/comments?post=57550"}],"version-history":[{"count":0,"href":"https:\/\/cdnoticias.com\/index.php\/wp-json\/wp\/v2\/posts\/57550\/revisions"}],"wp:featuredmedia":[{"embeddable":true,"href":"https:\/\/cdnoticias.com\/index.php\/wp-json\/wp\/v2\/media\/57552"}],"wp:attachment":[{"href":"https:\/\/cdnoticias.com\/index.php\/wp-json\/wp\/v2\/media?parent=57550"}],"wp:term":[{"taxonomy":"category","embeddable":true,"href":"https:\/\/cdnoticias.com\/index.php\/wp-json\/wp\/v2\/categories?post=57550"},{"taxonomy":"post_tag","embeddable":true,"href":"https:\/\/cdnoticias.com\/index.php\/wp-json\/wp\/v2\/tags?post=57550"}],"curies":[{"name":"wp","href":"https:\/\/api.w.org\/{rel}","templated":true}]}}