{"id":57516,"date":"2022-06-15T18:00:57","date_gmt":"2022-06-15T21:00:57","guid":{"rendered":"https:\/\/www.centraldenoticias.com.ar\/?p=57516"},"modified":"2022-06-15T18:00:57","modified_gmt":"2022-06-15T21:00:57","slug":"el-inadi-realizo-una-jornada-de-sensibilizacion-sobre-el-abuso-y-el-maltrato-a-la-vejez","status":"publish","type":"post","link":"https:\/\/cdnoticias.com\/index.php\/2022\/06\/15\/el-inadi-realizo-una-jornada-de-sensibilizacion-sobre-el-abuso-y-el-maltrato-a-la-vejez\/","title":{"rendered":"El INADI realiz\u00f3 una jornada de sensibilizaci\u00f3n sobre el abuso y el maltrato a la vejez"},"content":{"rendered":"<p>Fue en el marco del &#8220;D\u00eda Mundial de toma de conciencia del abuso y el maltrato a la vejez&#8221; y estuvo encabezada por el Subdelegado Regional Norberto Almeida. <!--more--><\/p>\n<hr \/>\n<p>&nbsp;<\/p>\n<p>En <strong>2011 las Naciones Unidas<\/strong> reconocieron el abuso hacia las personas adultas mayores como un problema social y declararon el <strong>15 de junio como el &#8220;D\u00eda Mundial de toma de conciencia del abuso y el maltrato a la vejez&#8221;.<\/strong><\/p>\n<p>&nbsp;<\/p>\n<p>En este contexto, desde el<strong> INADI realizaron una actividad con el objetivo de difundir material informativo<\/strong> sobre las herramientas con las que cuenta el organismo para acompa\u00f1ar a las personas adultas mayores. La misma se concret\u00f3 en las inmediaciones de PAMI.<\/p>\n<p>&nbsp;<\/p>\n<p>&#8220;Esta fecha invita a reflexionar sobre el rol y la responsabilidad que tienen las personas, el Estado y las organizaciones con las personas adultas mayores&#8221; se indic\u00f3.<\/p>\n<p>&nbsp;<\/p>\n<p><img data-recalc-dims=\"1\" loading=\"lazy\" decoding=\"async\" class=\"aligncenter wp-image-57517 size-large\" src=\"https:\/\/i0.wp.com\/cdnoticias.com\/wp-content\/uploads\/2022\/06\/WhatsApp-Image-2022-06-15-at-5.32.16-PM.jpeg?resize=800%2C527&#038;ssl=1\" alt=\"\" width=\"800\" height=\"527\" srcset=\"https:\/\/i0.wp.com\/cdnoticias.com\/wp-content\/uploads\/2022\/06\/WhatsApp-Image-2022-06-15-at-5.32.16-PM.jpeg?resize=1024%2C675&amp;ssl=1 1024w, https:\/\/i0.wp.com\/cdnoticias.com\/wp-content\/uploads\/2022\/06\/WhatsApp-Image-2022-06-15-at-5.32.16-PM.jpeg?resize=300%2C198&amp;ssl=1 300w, https:\/\/i0.wp.com\/cdnoticias.com\/wp-content\/uploads\/2022\/06\/WhatsApp-Image-2022-06-15-at-5.32.16-PM.jpeg?resize=768%2C506&amp;ssl=1 768w, https:\/\/i0.wp.com\/cdnoticias.com\/wp-content\/uploads\/2022\/06\/WhatsApp-Image-2022-06-15-at-5.32.16-PM.jpeg?w=1280&amp;ssl=1 1280w\" sizes=\"auto, (max-width: 800px) 100vw, 800px\" \/><\/p>\n<p>&nbsp;<\/p>\n<p>&#8220;<strong>Durante la actividad las personas reconocieron la importancia de visibilizar y derribar los prejuicios que se construyen sobre las capacidades de los adultos mayores y las limitaciones que les impone la sociedad en su conjunto<\/strong>&#8220;, destac\u00f3 Norberto Almeida.<\/p>\n<p>&nbsp;<\/p>\n<p>Por \u00faltimo destacaron que &#8220;desde el INADI contin\u00faan trabajando en pos del reconocimiento y el pleno ejercicio de los derechos humanos de las personas adultas mayores que se encuentran en <strong>situaci\u00f3n de discriminaci\u00f3n y vulnerabilidad,<\/strong> propiciando su empoderamiento y autonom\u00eda&#8221;.<\/p>\n","protected":false},"excerpt":{"rendered":"<p>Fue en el marco del &#8220;D\u00eda Mundial de toma de conciencia del abuso y el maltrato a la vejez&#8221; y<\/p>\n","protected":false},"author":6,"featured_media":57518,"comment_status":"closed","ping_status":"closed","sticky":false,"template":"","format":"standard","meta":{"_jetpack_memberships_contains_paid_content":false,"footnotes":""},"categories":[5,1],"tags":[],"class_list":["post-57516","post","type-post","status-publish","format-standard","has-post-thumbnail","hentry","category-informacion-general","category-portada"],"jetpack_featured_media_url":"https:\/\/i0.wp.com\/cdnoticias.com\/wp-content\/uploads\/2022\/06\/WhatsApp-Image-2022-06-15-at-5.32.24-PM.jpeg?fit=1080%2C883&ssl=1","jetpack_sharing_enabled":true,"_links":{"self":[{"href":"https:\/\/cdnoticias.com\/index.php\/wp-json\/wp\/v2\/posts\/57516","targetHints":{"allow":["GET"]}}],"collection":[{"href":"https:\/\/cdnoticias.com\/index.php\/wp-json\/wp\/v2\/posts"}],"about":[{"href":"https:\/\/cdnoticias.com\/index.php\/wp-json\/wp\/v2\/types\/post"}],"author":[{"embeddable":true,"href":"https:\/\/cdnoticias.com\/index.php\/wp-json\/wp\/v2\/users\/6"}],"replies":[{"embeddable":true,"href":"https:\/\/cdnoticias.com\/index.php\/wp-json\/wp\/v2\/comments?post=57516"}],"version-history":[{"count":0,"href":"https:\/\/cdnoticias.com\/index.php\/wp-json\/wp\/v2\/posts\/57516\/revisions"}],"wp:featuredmedia":[{"embeddable":true,"href":"https:\/\/cdnoticias.com\/index.php\/wp-json\/wp\/v2\/media\/57518"}],"wp:attachment":[{"href":"https:\/\/cdnoticias.com\/index.php\/wp-json\/wp\/v2\/media?parent=57516"}],"wp:term":[{"taxonomy":"category","embeddable":true,"href":"https:\/\/cdnoticias.com\/index.php\/wp-json\/wp\/v2\/categories?post=57516"},{"taxonomy":"post_tag","embeddable":true,"href":"https:\/\/cdnoticias.com\/index.php\/wp-json\/wp\/v2\/tags?post=57516"}],"curies":[{"name":"wp","href":"https:\/\/api.w.org\/{rel}","templated":true}]}}