{"id":57511,"date":"2022-06-23T11:30:29","date_gmt":"2022-06-23T14:30:29","guid":{"rendered":"https:\/\/www.centraldenoticias.com.ar\/?p=57511"},"modified":"2022-06-23T11:30:29","modified_gmt":"2022-06-23T14:30:29","slug":"taller-sobre-practicas-y-productos-de-radio-y-podcast","status":"publish","type":"post","link":"https:\/\/cdnoticias.com\/index.php\/2022\/06\/23\/taller-sobre-practicas-y-productos-de-radio-y-podcast\/","title":{"rendered":"Taller sobre pr\u00e1cticas y productos de radio y p\u00f3dcast"},"content":{"rendered":"<p>La propuesta consta de 8 encuentros y comienza desde el lunes 27 de junio. Los detalles. <!--more--><\/p>\n<hr \/>\n<p>&nbsp;<\/p>\n<p>La <strong>Facultad de Ciencias Sociales ofrecer\u00e1 un curso de 8 encuentros<\/strong> en los que se abordar\u00e1n las herramientas sonoras de producci\u00f3n cultural, como lo son <strong>la radio y el p\u00f3dcast.<\/strong> La propuesta est\u00e1<strong> destinada al p\u00fablico en general de Olavarr\u00eda y la zona, con o sin experiencia en medios de comunicaci\u00f3n<\/strong> o en materiales sonoros en particular.<\/p>\n<p>&nbsp;<\/p>\n<p>Desde el<strong> lunes 27 de junio a las 14:30<\/strong> se dictar\u00e1 el Taller <strong>&#8220;Pr\u00e1cticas y productos de radio y p\u00f3dcast<\/strong>&#8220;, el cual estar\u00e1 a cargo del tallerista Lic. <strong>C\u00e9sar Edery <\/strong>y tendr\u00e1 una duraci\u00f3n de<strong> 8 encuentros.<\/strong><\/p>\n<p>&nbsp;<\/p>\n<p>&#8220;La propuesta de la Secretar\u00eda de Extensi\u00f3n, Bienestar y Transferencia de la FACSO es de<strong> modalidad presencial<\/strong> y tiene como objetivos fortalecer el v\u00ednculo y contacto cotidiano con el mundo sonoro, entendiendo a \u00e9ste como una manera contundente y directa de comunicar y, a su vez, fomentar la generaci\u00f3n de productos de distinto tipo y formato: ya sea de divulgaci\u00f3n cient\u00edfica; entrevistas con referentes culturales, sociales, pol\u00edticos o educativos; difusi\u00f3n de actividades locales y regionales, elaboraci\u00f3n de contenidos de producci\u00f3n propia y singular (ya sea en programas radiales y\/o p\u00f3dcast), seg\u00fan los intereses de los y las participantes&#8221; se indic\u00f3.<\/p>\n<p>&nbsp;<\/p>\n<p>Durante el curso no s\u00f3lo se trabajar\u00e1 en el aula designada, sino que se llevar\u00e1 adelante la <strong>pr\u00e1ctica concreta en el estudio de Radio Universidad 90.1<\/strong> en la sede de FACSO.<\/p>\n<p>&nbsp;<\/p>\n<p><img data-recalc-dims=\"1\" loading=\"lazy\" decoding=\"async\" class=\"aligncenter wp-image-57514\" src=\"https:\/\/i0.wp.com\/cdnoticias.com\/wp-content\/uploads\/2022\/06\/Taller-practicas-de-radio-y-podcast.jpg?resize=450%2C450&#038;ssl=1\" alt=\"\" width=\"450\" height=\"450\" srcset=\"https:\/\/i0.wp.com\/cdnoticias.com\/wp-content\/uploads\/2022\/06\/Taller-practicas-de-radio-y-podcast.jpg?w=1000&amp;ssl=1 1000w, https:\/\/i0.wp.com\/cdnoticias.com\/wp-content\/uploads\/2022\/06\/Taller-practicas-de-radio-y-podcast.jpg?resize=300%2C300&amp;ssl=1 300w, https:\/\/i0.wp.com\/cdnoticias.com\/wp-content\/uploads\/2022\/06\/Taller-practicas-de-radio-y-podcast.jpg?resize=150%2C150&amp;ssl=1 150w, https:\/\/i0.wp.com\/cdnoticias.com\/wp-content\/uploads\/2022\/06\/Taller-practicas-de-radio-y-podcast.jpg?resize=768%2C769&amp;ssl=1 768w\" sizes=\"auto, (max-width: 450px) 100vw, 450px\" \/><\/p>\n<p>&nbsp;<\/p>\n<p><strong>Costos e inscripci\u00f3n<\/strong><\/p>\n<p>&nbsp;<\/p>\n<p>Los\/as interesados\/as en inscribirse deber\u00e1n completar el formulario que se encuentra <a href=\"https:\/\/docs.google.com\/forms\/d\/e\/1FAIpQLSday_LoHl5-u3uPzexijdO-XCuXxopZA5Mu2LhRBsGUJxxd-Q\/viewform?urp=gmail_link\" target=\"_blank\" rel=\"noopener\">aqu\u00ed<\/a> disponible. Una vez completo se deber\u00e1 efectuar el pago mediante factura electr\u00f3nica, la cual recibir\u00e1n en su correo electr\u00f3nico dentro de 48 horas h\u00e1biles a su pre-inscripci\u00f3n, para abonar en un centro de pagos.<\/p>\n<p>&nbsp;<\/p>\n<p>Los costos de inscripci\u00f3n son: <strong>para externos\/as $2300<\/strong> en un \u00fanico pago o bien dos pagos de $1300; un \u00fanico pago de <strong>$1500 para docentes, no docentes y graduados\/as de FACSO;<\/strong> y <strong>$800 para estudiantes de UNICEN<\/strong>. Estudiantes de FACSO consultar por disponibilidad de becas.<\/p>\n<p>&nbsp;<\/p>\n<p>Por consultas podr\u00e1n comunicarse al email cursos@virtual.soc.unicen.edu.ar<\/p>\n","protected":false},"excerpt":{"rendered":"<p>La propuesta consta de 8 encuentros y comienza desde el lunes 27 de junio. Los detalles.<\/p>\n","protected":false},"author":6,"featured_media":57512,"comment_status":"closed","ping_status":"closed","sticky":false,"template":"","format":"standard","meta":{"_jetpack_memberships_contains_paid_content":false,"footnotes":""},"categories":[5,1],"tags":[],"class_list":["post-57511","post","type-post","status-publish","format-standard","has-post-thumbnail","hentry","category-informacion-general","category-portada"],"jetpack_featured_media_url":"https:\/\/i0.wp.com\/cdnoticias.com\/wp-content\/uploads\/2022\/06\/radio.jpg?fit=1000%2C589&ssl=1","jetpack_sharing_enabled":true,"_links":{"self":[{"href":"https:\/\/cdnoticias.com\/index.php\/wp-json\/wp\/v2\/posts\/57511","targetHints":{"allow":["GET"]}}],"collection":[{"href":"https:\/\/cdnoticias.com\/index.php\/wp-json\/wp\/v2\/posts"}],"about":[{"href":"https:\/\/cdnoticias.com\/index.php\/wp-json\/wp\/v2\/types\/post"}],"author":[{"embeddable":true,"href":"https:\/\/cdnoticias.com\/index.php\/wp-json\/wp\/v2\/users\/6"}],"replies":[{"embeddable":true,"href":"https:\/\/cdnoticias.com\/index.php\/wp-json\/wp\/v2\/comments?post=57511"}],"version-history":[{"count":0,"href":"https:\/\/cdnoticias.com\/index.php\/wp-json\/wp\/v2\/posts\/57511\/revisions"}],"wp:featuredmedia":[{"embeddable":true,"href":"https:\/\/cdnoticias.com\/index.php\/wp-json\/wp\/v2\/media\/57512"}],"wp:attachment":[{"href":"https:\/\/cdnoticias.com\/index.php\/wp-json\/wp\/v2\/media?parent=57511"}],"wp:term":[{"taxonomy":"category","embeddable":true,"href":"https:\/\/cdnoticias.com\/index.php\/wp-json\/wp\/v2\/categories?post=57511"},{"taxonomy":"post_tag","embeddable":true,"href":"https:\/\/cdnoticias.com\/index.php\/wp-json\/wp\/v2\/tags?post=57511"}],"curies":[{"name":"wp","href":"https:\/\/api.w.org\/{rel}","templated":true}]}}