{"id":57464,"date":"2022-06-15T17:31:05","date_gmt":"2022-06-15T20:31:05","guid":{"rendered":"https:\/\/www.centraldenoticias.com.ar\/?p=57464"},"modified":"2022-06-15T17:31:05","modified_gmt":"2022-06-15T20:31:05","slug":"el-municipio-de-azul-denuncio-la-toma-ilegal-de-terrenos-y-estafa","status":"publish","type":"post","link":"https:\/\/cdnoticias.com\/index.php\/2022\/06\/15\/el-municipio-de-azul-denuncio-la-toma-ilegal-de-terrenos-y-estafa\/","title":{"rendered":"El Municipio de Azul denunci\u00f3 la toma ilegal de terrenos y estafa"},"content":{"rendered":"<p>Se destac\u00f3 que fue \u201cidentificada\u201d una sospechosa de entregar lotes y \u201calentar a los vecinos a instalarse de forma ilegal\u201d. Se espera el desalojo.<\/p>\n<p><!--more--><\/p>\n<hr \/>\n<p><strong>La Municipalidad de Azul expuso y denunci\u00f3 un caso de toma de lotes en la vecina localidad<\/strong>, al tiempo que se dej\u00f3 saber que se trata de terrenos para los que el Ejecutivo de aquella ciudad busca el destino de un plan de viviendas.<\/p>\n<p>&nbsp;<\/p>\n<blockquote><p>En ese sentido, inform\u00f3 que \u201cse encuentra ajena a la entrega ilegal de terrenos en las manzanas comprendidas en calles Catamarca y calle 8 entre Rauch y Espa\u00f1a, e informa que realiz\u00f3 la correspondiente denuncia policial\u201d.<\/p><\/blockquote>\n<p>&nbsp;<\/p>\n<p>Adem\u00e1s, comunic\u00f3 que <strong>\u201cel d\u00eda viernes se logr\u00f3 identificar a la persona de sexo femenino, quien mediante enga\u00f1os, hizo entrega de los terrenos y alent\u00f3 a los vecinos y vecinas a instalarse en forma ilegal<\/strong> en los mismos. Por lo que se espera que las pr\u00f3ximas actuaciones judiciales hagan deponer los delitos de estafas que dicha persona est\u00e1 cometiendo al jugar con las necesidades de muchos azule\u00f1os\u201d.<\/p>\n<p>&nbsp;<\/p>\n<p>Tambi\u00e9n desde la gesti\u00f3n que encabeza Hern\u00e1n Bertellys (Juntos) se comunic\u00f3 que se espera una medida de la Justicia: \u201cal mismo tiempo, <strong>se aguarda la orden de desalojo del lugar, ya que los terrenos usurpados forman parte de un plan de viviendas que el Intendente se encuentra gestionando\u201d<\/strong> se destac\u00f3.<\/p>\n<p>&nbsp;<\/p>\n<p>Fuente:<em> Diario El Tiempo<\/em><\/p>\n","protected":false},"excerpt":{"rendered":"<p>Se destac\u00f3 que fue \u201cidentificada\u201d una sospechosa de entregar lotes y \u201calentar a los vecinos a instalarse de forma ilegal\u201d.<\/p>\n","protected":false},"author":4,"featured_media":57469,"comment_status":"closed","ping_status":"closed","sticky":false,"template":"","format":"standard","meta":{"_jetpack_memberships_contains_paid_content":false,"footnotes":""},"categories":[6,1],"tags":[],"class_list":["post-57464","post","type-post","status-publish","format-standard","has-post-thumbnail","hentry","category-nacionales","category-portada"],"jetpack_featured_media_url":"https:\/\/i0.wp.com\/cdnoticias.com\/wp-content\/uploads\/2022\/06\/diario-el-tiempo-toma-de-terrenos.jpeg?fit=948%2C533&ssl=1","jetpack_sharing_enabled":true,"_links":{"self":[{"href":"https:\/\/cdnoticias.com\/index.php\/wp-json\/wp\/v2\/posts\/57464","targetHints":{"allow":["GET"]}}],"collection":[{"href":"https:\/\/cdnoticias.com\/index.php\/wp-json\/wp\/v2\/posts"}],"about":[{"href":"https:\/\/cdnoticias.com\/index.php\/wp-json\/wp\/v2\/types\/post"}],"author":[{"embeddable":true,"href":"https:\/\/cdnoticias.com\/index.php\/wp-json\/wp\/v2\/users\/4"}],"replies":[{"embeddable":true,"href":"https:\/\/cdnoticias.com\/index.php\/wp-json\/wp\/v2\/comments?post=57464"}],"version-history":[{"count":0,"href":"https:\/\/cdnoticias.com\/index.php\/wp-json\/wp\/v2\/posts\/57464\/revisions"}],"wp:featuredmedia":[{"embeddable":true,"href":"https:\/\/cdnoticias.com\/index.php\/wp-json\/wp\/v2\/media\/57469"}],"wp:attachment":[{"href":"https:\/\/cdnoticias.com\/index.php\/wp-json\/wp\/v2\/media?parent=57464"}],"wp:term":[{"taxonomy":"category","embeddable":true,"href":"https:\/\/cdnoticias.com\/index.php\/wp-json\/wp\/v2\/categories?post=57464"},{"taxonomy":"post_tag","embeddable":true,"href":"https:\/\/cdnoticias.com\/index.php\/wp-json\/wp\/v2\/tags?post=57464"}],"curies":[{"name":"wp","href":"https:\/\/api.w.org\/{rel}","templated":true}]}}