{"id":57440,"date":"2022-06-15T12:17:56","date_gmt":"2022-06-15T15:17:56","guid":{"rendered":"https:\/\/www.centraldenoticias.com.ar\/?p=57440"},"modified":"2022-06-15T13:47:27","modified_gmt":"2022-06-15T16:47:27","slug":"profesionales-de-la-salud-nosotros-tambien-tenemos-derecho-a-reclamar","status":"publish","type":"post","link":"https:\/\/cdnoticias.com\/index.php\/2022\/06\/15\/profesionales-de-la-salud-nosotros-tambien-tenemos-derecho-a-reclamar\/","title":{"rendered":"Profesionales de la salud: \u201cnosotros tambi\u00e9n tenemos derecho a reclamar\u201d"},"content":{"rendered":"<p>Se mostraron unidos con el resto de los trabajadores municipales. Destacaron la manifestaci\u00f3n y pidieron mejoras salariales, implementaci\u00f3n del escalaf\u00f3n, recuperaci\u00f3n de la carrera m\u00e9dico hospitalaria, entre otras.<!--more--><\/p>\n<hr \/>\n<p>En el marco del abrazo simb\u00f3lico al Hospital Municipal \u201cDr. H\u00e9ctor Cura\u201d distintos profesionales de la salud hablaron sobre la medida que llevan adelante y la<a href=\"https:\/\/cdnoticias.com\/index.php\/2022\/06\/15\/paritarias-municipales-cientos-de-trabajadores-se-manifestaron-en-el-hospital\/\" target=\"_blank\" rel=\"noopener\"> convocatoria \u201chist\u00f3rica\u201d que reuni\u00f3 a trabajadores y trabajadoras de distintas \u00e1reas municipales.<\/a><\/p>\n<p>&nbsp;<\/p>\n<p>El doctor<strong> Germ\u00e1n Maroni<\/strong> se mostr\u00f3 \u201cgratamente sorprendido\u201d por la manifestaci\u00f3n e indic\u00f3 que \u201csiempre estuvimos separados y muchas veces eso es el resultado de los pocos logros que hemos tenido en cuanto a reclamos salariales y en las condiciones que hoy estamos\u201d.<\/p>\n<p>&nbsp;<\/p>\n<p>Asegur\u00f3 que est\u00e1n \u201ctodos juntos\u201d con el objetivo de \u201cmejorar nuestros ingresos\u201d. \u201cCada uno de nosotros hemos hecho un gran sacrificio ya sea por todo nuestro trabajo en el Hospital como lo sucedido este \u00faltimo tiempo de pandemia y de tanto sufrimiento\u201d.<\/p>\n<p>&nbsp;<\/p>\n<p>\u201cMerecemos ser reconocidos, por eso estamos ac\u00e1\u201d, sintetiz\u00f3 Maroni y respondi\u00f3 a las cr\u00edticas respecto a la atenci\u00f3n en el marco de las medidas de fuerza: \u201cnosotros <strong>estamos disponibles para atender todas las urgencias necesarias.<\/strong> Aquellas cuestiones programadas son las que puedan pasar a un segundo plano, sin dejar de atender los requerimientos y reclamos de nuestras poblaci\u00f3n\u201d.<\/p>\n<p>&nbsp;<\/p>\n<p><img data-recalc-dims=\"1\" loading=\"lazy\" decoding=\"async\" class=\"aligncenter size-full wp-image-57438\" src=\"https:\/\/i0.wp.com\/cdnoticias.com\/wp-content\/uploads\/2022\/06\/municipales-nestor-eisesntein-german-maroni.jpg?resize=800%2C445&#038;ssl=1\" alt=\"\" width=\"800\" height=\"445\" srcset=\"https:\/\/i0.wp.com\/cdnoticias.com\/wp-content\/uploads\/2022\/06\/municipales-nestor-eisesntein-german-maroni.jpg?w=800&amp;ssl=1 800w, https:\/\/i0.wp.com\/cdnoticias.com\/wp-content\/uploads\/2022\/06\/municipales-nestor-eisesntein-german-maroni.jpg?resize=300%2C167&amp;ssl=1 300w, https:\/\/i0.wp.com\/cdnoticias.com\/wp-content\/uploads\/2022\/06\/municipales-nestor-eisesntein-german-maroni.jpg?resize=768%2C427&amp;ssl=1 768w\" sizes=\"auto, (max-width: 800px) 100vw, 800px\" \/><\/p>\n<p>&nbsp;<\/p>\n<blockquote><p>\u201cQueremos que la poblaci\u00f3n entienda que nosotros tambi\u00e9n tenemos derecho a reclamar. Nosotros garantizamos la asistencia y atenci\u00f3n en aquellos casos que se necesiten pero de alguna manera tenemos que manifestarnos. Tenemos que visualizarlo y esta es una forma\u201d.<\/p><\/blockquote>\n<p>&nbsp;<\/p>\n<p>A su vez, el doctor <strong>N\u00e9stor Eisenstein<\/strong> indic\u00f3: \u201ces un momento \u00fanico. En la asamblea nos estamos permitiendo pensar la salud p\u00fablica. Estamos hablando de la calidad de vida de los trabajadores y de toda la comunidad\u201d.<\/p>\n<p>&nbsp;<\/p>\n<p>Eisenstein afirm\u00f3 que \u201cla construcci\u00f3n de la salud p\u00fablica tiene que trascender a la pol\u00edtica partidaria\u201d.<\/p>\n<p>&nbsp;<\/p>\n<p><img data-recalc-dims=\"1\" loading=\"lazy\" decoding=\"async\" class=\"aligncenter size-full wp-image-57439\" src=\"https:\/\/i0.wp.com\/cdnoticias.com\/wp-content\/uploads\/2022\/06\/municipales-alejandra-capriata-nestor-eisesntein.jpg?resize=800%2C445&#038;ssl=1\" alt=\"\" width=\"800\" height=\"445\" srcset=\"https:\/\/i0.wp.com\/cdnoticias.com\/wp-content\/uploads\/2022\/06\/municipales-alejandra-capriata-nestor-eisesntein.jpg?w=800&amp;ssl=1 800w, https:\/\/i0.wp.com\/cdnoticias.com\/wp-content\/uploads\/2022\/06\/municipales-alejandra-capriata-nestor-eisesntein.jpg?resize=300%2C167&amp;ssl=1 300w, https:\/\/i0.wp.com\/cdnoticias.com\/wp-content\/uploads\/2022\/06\/municipales-alejandra-capriata-nestor-eisesntein.jpg?resize=768%2C427&amp;ssl=1 768w\" sizes=\"auto, (max-width: 800px) 100vw, 800px\" \/><\/p>\n<p>&nbsp;<\/p>\n<p>\u201c<b>El futuro es trabajar juntos\u201d<\/b><\/p>\n<p>&nbsp;<\/p>\n<p>La doctora <strong>Alejandra Capriata<\/strong> asegur\u00f3 que \u201cla salud p\u00fablica no se puede manejar como una emergencia, tiene que ser programada, tiene que haber prevenci\u00f3n, tiene que haber un plan de salud concreto que abarque a todos los niveles\u201d.<\/p>\n<p>&nbsp;<\/p>\n<p>Uno de los reclamos m\u00e1s fuertes entre los profesionales gir\u00f3 entorno a obtener el tan ansiado<strong> escalaf\u00f3n<\/strong>. \u201cEl resto de los trabajadores municipales tienen un escalaf\u00f3n y nosotros no lo tenemos. Somos 350 profesionales de la salud y debe haber 20 que est\u00e1n calificados en determinados escalafones, el resto somos todos asistentes.<strong> Gente que hace 15, 20, 25 a\u00f1os que est\u00e1n y tenemos el mismo sueldo de alguien que ingresa reci\u00e9n<\/strong>. Esto es una falta de respeto\u201d, afirm\u00f3 Capriata.<\/p>\n<p>&nbsp;<\/p>\n<blockquote><p>\u201cEl Ejecutivo puso como parte de su campa\u00f1a en 2015 recuperar la carrera profesional m\u00e9dico hospitalaria. Esto es lo que le estamos reclamando todav\u00eda despu\u00e9s de 7 a\u00f1os. Tienen que escuchar a la gente que est\u00e1 ac\u00e1\u201d.<\/p><\/blockquote>\n<p>&nbsp;<\/p>\n<p>Respecto a las <strong>diferencias sostenidas tiempo atr\u00e1s con el sindicato y con Stupp<\/strong>ia, Capriata indic\u00f3 que \u201ccreemos que tenemos derecho a tener una representaci\u00f3n sindical y la vamos a seguir trabajando. Eso le queda claro a \u00e9l y por qu\u00e9 no trabajar dos sindicatos juntos sentados a la mesa de paritarias. <strong>El futuro es trabajar juntos<\/strong>\u201d.<\/p>\n<p>&nbsp;<\/p>\n<p><img data-recalc-dims=\"1\" loading=\"lazy\" decoding=\"async\" class=\"aligncenter size-full wp-image-57437\" src=\"https:\/\/i0.wp.com\/cdnoticias.com\/wp-content\/uploads\/2022\/06\/municipales-cintia-arrabal-0.jpg?resize=800%2C445&#038;ssl=1\" alt=\"\" width=\"800\" height=\"445\" srcset=\"https:\/\/i0.wp.com\/cdnoticias.com\/wp-content\/uploads\/2022\/06\/municipales-cintia-arrabal-0.jpg?w=800&amp;ssl=1 800w, https:\/\/i0.wp.com\/cdnoticias.com\/wp-content\/uploads\/2022\/06\/municipales-cintia-arrabal-0.jpg?resize=300%2C167&amp;ssl=1 300w, https:\/\/i0.wp.com\/cdnoticias.com\/wp-content\/uploads\/2022\/06\/municipales-cintia-arrabal-0.jpg?resize=768%2C427&amp;ssl=1 768w\" sizes=\"auto, (max-width: 800px) 100vw, 800px\" \/><\/p>\n<p>&nbsp;<\/p>\n<p>\u201c<b>APS es el gran olvidado\u201d<\/b><\/p>\n<p>&nbsp;<\/p>\n<p>Por \u00faltimo, <strong>Cintia Arrabal<\/strong> trabajadora de Atenci\u00f3n Primaria de la Salud resalt\u00f3 que durante la pandemia \u201ctrabajamos conteniendo y nunca paramos\u201d. Adem\u00e1s de hacer un reclamo salarial, la trabajadora quiso demostrar que \u201cnuestros problemas trascienden esto\u201d.<\/p>\n<p>&nbsp;<\/p>\n<p><strong>\u201cAPS es el gran olvidado de la salud hoy en Olavarr\u00eda\u201d<\/strong>, dispar\u00f3. \u201cVivimos la p\u00e9rdida de profesionales, la perdida de infraestructura, las salas se van desarmando, tenemos ba\u00f1os tapados, tenemos puertas rotas, nos entra el fr\u00edo, no tenemos computadoras\u201d.<\/p>\n<p>&nbsp;<\/p>\n<p>\u201c<strong>No hay una pol\u00edtica de salud p\u00fablica basada en la prevenci\u00f3n\u201d,<\/strong> concluy\u00f3.<\/p>\n","protected":false},"excerpt":{"rendered":"<p>Se mostraron unidos con el resto de los trabajadores municipales. Destacaron la manifestaci\u00f3n y pidieron mejoras salariales, implementaci\u00f3n del escalaf\u00f3n,<\/p>\n","protected":false},"author":5,"featured_media":57436,"comment_status":"closed","ping_status":"closed","sticky":false,"template":"","format":"standard","meta":{"_jetpack_memberships_contains_paid_content":false,"footnotes":""},"categories":[5,1],"tags":[],"class_list":["post-57440","post","type-post","status-publish","format-standard","has-post-thumbnail","hentry","category-informacion-general","category-portada"],"jetpack_featured_media_url":"https:\/\/i0.wp.com\/cdnoticias.com\/wp-content\/uploads\/2022\/06\/municipales-capriata-de-la-torre-stuppia-maroni-eisenstein-0.jpg?fit=800%2C445&ssl=1","jetpack_sharing_enabled":true,"_links":{"self":[{"href":"https:\/\/cdnoticias.com\/index.php\/wp-json\/wp\/v2\/posts\/57440","targetHints":{"allow":["GET"]}}],"collection":[{"href":"https:\/\/cdnoticias.com\/index.php\/wp-json\/wp\/v2\/posts"}],"about":[{"href":"https:\/\/cdnoticias.com\/index.php\/wp-json\/wp\/v2\/types\/post"}],"author":[{"embeddable":true,"href":"https:\/\/cdnoticias.com\/index.php\/wp-json\/wp\/v2\/users\/5"}],"replies":[{"embeddable":true,"href":"https:\/\/cdnoticias.com\/index.php\/wp-json\/wp\/v2\/comments?post=57440"}],"version-history":[{"count":0,"href":"https:\/\/cdnoticias.com\/index.php\/wp-json\/wp\/v2\/posts\/57440\/revisions"}],"wp:featuredmedia":[{"embeddable":true,"href":"https:\/\/cdnoticias.com\/index.php\/wp-json\/wp\/v2\/media\/57436"}],"wp:attachment":[{"href":"https:\/\/cdnoticias.com\/index.php\/wp-json\/wp\/v2\/media?parent=57440"}],"wp:term":[{"taxonomy":"category","embeddable":true,"href":"https:\/\/cdnoticias.com\/index.php\/wp-json\/wp\/v2\/categories?post=57440"},{"taxonomy":"post_tag","embeddable":true,"href":"https:\/\/cdnoticias.com\/index.php\/wp-json\/wp\/v2\/tags?post=57440"}],"curies":[{"name":"wp","href":"https:\/\/api.w.org\/{rel}","templated":true}]}}