{"id":57393,"date":"2022-06-14T19:59:32","date_gmt":"2022-06-14T22:59:32","guid":{"rendered":"https:\/\/www.centraldenoticias.com.ar\/?p=57393"},"modified":"2022-06-14T19:59:32","modified_gmt":"2022-06-14T22:59:32","slug":"conectar-igualdad-seguimos-fomentando-la-igualdad-de-derechos","status":"publish","type":"post","link":"https:\/\/cdnoticias.com\/index.php\/2022\/06\/14\/conectar-igualdad-seguimos-fomentando-la-igualdad-de-derechos\/","title":{"rendered":"Conectar Igualdad: &#8220;seguimos fomentando la igualdad de derechos&#8221;"},"content":{"rendered":"<p>El titular de la delegaci\u00f3n local de ANSES, Maximiliano Wesner, destac\u00f3 la entrega de 200 computadoras a estudiantes de Olavarr\u00eda y las localidades. <!--more--><\/p>\n<hr \/>\n<p>Este martes se realiz\u00f3 la entrega de<strong> 26 computadoras a adolescentes <\/strong>de la Escuela de Educaci\u00f3n Secundaria N\u00ba13 y a 22 estudiantes de Anexo I de la Escuela de Educaci\u00f3n Secundaria N\u00ba20.<\/p>\n<p>&nbsp;<\/p>\n<p>Las entregas continuar\u00e1n por Extensi\u00f3n I De Escuela De Educaci\u00f3n Secundaria N\u00ba20 con 17 dispositivos y por la Escuela De Educaci\u00f3n Secundaria N\u00ba15 (Espigas), all\u00ed 28 j\u00f3venes obtendr\u00e1n su computadora. Adem\u00e1s est\u00e1 prevista la entrega de 86 m\u00e1quinas para la Escuela De Educaci\u00f3n Secundaria Agraria N\u00ba1 y 44 para Escuela De Educaci\u00f3n Secundaria N\u00ba14.<\/p>\n<p>&nbsp;<\/p>\n<p>Se trata del <strong>programa nacional Conectar Igualdad, una pol\u00edtica p\u00fablica creada en el a\u00f1o 2010 por Cristina Fern\u00e1ndez de Kirchner,<\/strong> que tiene como objetivo proporcionar recursos tecnol\u00f3gicos a las escuelas p\u00fablicas de gesti\u00f3n estatal y elaborar propuestas educativas para incorporar esos recursos en los procesos de ense\u00f1anza y de aprendizaje.<\/p>\n<p>&nbsp;<\/p>\n<p><em><strong>&#8220;Cada entrega es un orgullo, porque sabemos la importancia que tiene para los y las estudiantes y su familia. Celebramos que el presidente haya tomado la decisi\u00f3n de retomar esta pol\u00edtica p\u00fablica y hoy m\u00e1s de 200 computadoras lleguen a nuevos hogares. Seguimos fomentando la igualdad de derechos para garantizar una mejor educaci\u00f3n.<\/strong> A\u00fan hoy vemos en distintos lados dispositivos que tienen m\u00e1s de 10 a\u00f1os de antig\u00fcedad y siguen intactos. <strong>El Programa Conectar Igualdad es muy valorado por toda la comunidad ya que abre las puertas a un mundo de conocimiento infinito\u201d<\/strong>,<\/em> remarc\u00f3 Maximiliano Wesner.<\/p>\n<p>&nbsp;<\/p>\n<p>El acto cont\u00f3 con la presencia de estudiantes, familias, docentes, Gabriela Robledo directora de la instituci\u00f3n, el titular de ANSES Maximiliano Wesner, el Inspector Distrital Julio Ben\u00edtez, Vanesa Bickart por la Direcci\u00f3n de Tecnolog\u00eda Educativa Regi\u00f3n 25 y Consejeros Escolares del Bloque Frente de Todos Leonardo Wagner, Jorgelina Piccinini y Mariana Mart\u00ednez.<\/p>\n","protected":false},"excerpt":{"rendered":"<p>El titular de la delegaci\u00f3n local de ANSES, Maximiliano Wesner, destac\u00f3 la entrega de 200 computadoras a estudiantes de Olavarr\u00eda<\/p>\n","protected":false},"author":6,"featured_media":57394,"comment_status":"closed","ping_status":"closed","sticky":false,"template":"","format":"standard","meta":{"_jetpack_memberships_contains_paid_content":false,"footnotes":""},"categories":[5,1],"tags":[],"class_list":["post-57393","post","type-post","status-publish","format-standard","has-post-thumbnail","hentry","category-informacion-general","category-portada"],"jetpack_featured_media_url":"https:\/\/i0.wp.com\/cdnoticias.com\/wp-content\/uploads\/2022\/06\/WhatsApp-Image-2022-06-14-at-5.36.44-PM.jpeg?fit=960%2C632&ssl=1","jetpack_sharing_enabled":true,"_links":{"self":[{"href":"https:\/\/cdnoticias.com\/index.php\/wp-json\/wp\/v2\/posts\/57393","targetHints":{"allow":["GET"]}}],"collection":[{"href":"https:\/\/cdnoticias.com\/index.php\/wp-json\/wp\/v2\/posts"}],"about":[{"href":"https:\/\/cdnoticias.com\/index.php\/wp-json\/wp\/v2\/types\/post"}],"author":[{"embeddable":true,"href":"https:\/\/cdnoticias.com\/index.php\/wp-json\/wp\/v2\/users\/6"}],"replies":[{"embeddable":true,"href":"https:\/\/cdnoticias.com\/index.php\/wp-json\/wp\/v2\/comments?post=57393"}],"version-history":[{"count":0,"href":"https:\/\/cdnoticias.com\/index.php\/wp-json\/wp\/v2\/posts\/57393\/revisions"}],"wp:featuredmedia":[{"embeddable":true,"href":"https:\/\/cdnoticias.com\/index.php\/wp-json\/wp\/v2\/media\/57394"}],"wp:attachment":[{"href":"https:\/\/cdnoticias.com\/index.php\/wp-json\/wp\/v2\/media?parent=57393"}],"wp:term":[{"taxonomy":"category","embeddable":true,"href":"https:\/\/cdnoticias.com\/index.php\/wp-json\/wp\/v2\/categories?post=57393"},{"taxonomy":"post_tag","embeddable":true,"href":"https:\/\/cdnoticias.com\/index.php\/wp-json\/wp\/v2\/tags?post=57393"}],"curies":[{"name":"wp","href":"https:\/\/api.w.org\/{rel}","templated":true}]}}