{"id":57386,"date":"2022-06-17T09:42:50","date_gmt":"2022-06-17T12:42:50","guid":{"rendered":"https:\/\/www.centraldenoticias.com.ar\/?p=57386"},"modified":"2022-06-17T09:42:50","modified_gmt":"2022-06-17T12:42:50","slug":"festival-bafici-2021-llega-el-medium-al-centro-cultural-san-jose","status":"publish","type":"post","link":"https:\/\/cdnoticias.com\/index.php\/2022\/06\/17\/festival-bafici-2021-llega-el-medium-al-centro-cultural-san-jose\/","title":{"rendered":"Festival BAFICI 2021: llega &#8220;El M\u00e9dium&#8221; al Centro Cultural San Jos\u00e9"},"content":{"rendered":"<p>La obra es del cineasta local Mat\u00edas Marra y se presentar\u00e1 el 24 de junio a las 19:30. <!--more--><\/p>\n<hr \/>\n<p>&nbsp;<\/p>\n<p>En el marco del <strong>Festival BAFICI 2021<\/strong> (Buenos Aires Festival Internacional de Cine Independiente), <strong>se estren\u00f3 \u201cEl M\u00e9dium\u201d, con direcci\u00f3n y gui\u00f3n del olavarriense Mat\u00edas Marra<\/strong>. El estreno cont\u00f3 con dos proyecciones en sala, adem\u00e1s de la novedosa proyecci\u00f3n online.<\/p>\n<p>&nbsp;<\/p>\n<p>La obra del cineasta local podr\u00e1 disfrutarse en la ciudad que lo vio nacer este <strong>24 de junio a las 19:30 <\/strong>en el audit\u00f3rium del <strong>Centro Cultural Municipal \u201cSan Jos\u00e9\u201d<\/strong> <strong>con entrada libre y gratuita.<\/strong><\/p>\n<p>&nbsp;<\/p>\n<p><strong>\u201cEl M\u00e9dium\u201d<\/strong> es el <strong>segundo cortometraje de Marra<\/strong>, quien cuenta que surge de un <strong>deseo de volver a hablar de los grandes nombres del cine argentino del siglo XX<\/strong>.<\/p>\n<p>&nbsp;<\/p>\n<p><img data-recalc-dims=\"1\" loading=\"lazy\" decoding=\"async\" class=\"aligncenter wp-image-57388 size-large\" src=\"https:\/\/i0.wp.com\/cdnoticias.com\/wp-content\/uploads\/2022\/06\/Cultura-El-Medium-1.jpg?resize=800%2C533&#038;ssl=1\" alt=\"\" width=\"800\" height=\"533\" srcset=\"https:\/\/i0.wp.com\/cdnoticias.com\/wp-content\/uploads\/2022\/06\/Cultura-El-Medium-1.jpg?resize=1024%2C682&amp;ssl=1 1024w, https:\/\/i0.wp.com\/cdnoticias.com\/wp-content\/uploads\/2022\/06\/Cultura-El-Medium-1.jpg?resize=300%2C200&amp;ssl=1 300w, https:\/\/i0.wp.com\/cdnoticias.com\/wp-content\/uploads\/2022\/06\/Cultura-El-Medium-1.jpg?resize=768%2C512&amp;ssl=1 768w, https:\/\/i0.wp.com\/cdnoticias.com\/wp-content\/uploads\/2022\/06\/Cultura-El-Medium-1.jpg?resize=1536%2C1024&amp;ssl=1 1536w, https:\/\/i0.wp.com\/cdnoticias.com\/wp-content\/uploads\/2022\/06\/Cultura-El-Medium-1.jpg?resize=272%2C182&amp;ssl=1 272w, https:\/\/i0.wp.com\/cdnoticias.com\/wp-content\/uploads\/2022\/06\/Cultura-El-Medium-1.jpg?w=1772&amp;ssl=1 1772w, https:\/\/i0.wp.com\/cdnoticias.com\/wp-content\/uploads\/2022\/06\/Cultura-El-Medium-1.jpg?w=1600&amp;ssl=1 1600w\" sizes=\"auto, (max-width: 800px) 100vw, 800px\" \/><\/p>\n<p>&nbsp;<\/p>\n<p>Estos directores vuelven espectralmente porque su vocaci\u00f3n contin\u00faa: sus fantasmas est\u00e1n entre nosotros y nos siguen interpelando: <strong>\u201cq<em>uer\u00eda reflexionar, desde el siglo XXI, qu\u00e9 tiene para ofrecernos el cine de estudios, un tipo de cine que ya no se hace m\u00e1s\u201d.<\/em><\/strong><\/p>\n<p>&nbsp;<\/p>\n<p>Durante los 11<strong> d\u00edas que dur\u00f3 el\u00a0BAFICI<\/strong>, <strong>m\u00e1s de 400 personas disfrutaron del cortometraje<\/strong> que se pudo ver presencialmente en la Ciudad de Buenos Aires, y se registraron visualizaciones desde toda la Argentina.<\/p>\n<p>&nbsp;<\/p>\n<p><strong>Premios obtenidos<\/strong><\/p>\n<p>FICCS 2021 \u2013 Octubre de 2021, Argentina. Mejor Corto Argentino.<\/p>\n<p>13o Pantalla Latina \u2013 Noviembre de 2021, Suiza. Premio del p\u00fablico.<\/p>\n<p>18o TAFIC \u2013 Diciembre de 2021, Argentina. Mejor Gui\u00f3n.<\/p>\n","protected":false},"excerpt":{"rendered":"<p>La obra es del cineasta local Mat\u00edas Marra y se presentar\u00e1 el 24 de junio a las 19:30.<\/p>\n","protected":false},"author":6,"featured_media":57387,"comment_status":"closed","ping_status":"closed","sticky":false,"template":"","format":"standard","meta":{"_jetpack_memberships_contains_paid_content":false,"footnotes":""},"categories":[9,1],"tags":[],"class_list":["post-57386","post","type-post","status-publish","format-standard","has-post-thumbnail","hentry","category-cultura","category-portada"],"jetpack_featured_media_url":"https:\/\/i0.wp.com\/cdnoticias.com\/wp-content\/uploads\/2022\/06\/Cultura-El-Medium-2.jpg?fit=1772%2C1181&ssl=1","jetpack_sharing_enabled":true,"_links":{"self":[{"href":"https:\/\/cdnoticias.com\/index.php\/wp-json\/wp\/v2\/posts\/57386","targetHints":{"allow":["GET"]}}],"collection":[{"href":"https:\/\/cdnoticias.com\/index.php\/wp-json\/wp\/v2\/posts"}],"about":[{"href":"https:\/\/cdnoticias.com\/index.php\/wp-json\/wp\/v2\/types\/post"}],"author":[{"embeddable":true,"href":"https:\/\/cdnoticias.com\/index.php\/wp-json\/wp\/v2\/users\/6"}],"replies":[{"embeddable":true,"href":"https:\/\/cdnoticias.com\/index.php\/wp-json\/wp\/v2\/comments?post=57386"}],"version-history":[{"count":0,"href":"https:\/\/cdnoticias.com\/index.php\/wp-json\/wp\/v2\/posts\/57386\/revisions"}],"wp:featuredmedia":[{"embeddable":true,"href":"https:\/\/cdnoticias.com\/index.php\/wp-json\/wp\/v2\/media\/57387"}],"wp:attachment":[{"href":"https:\/\/cdnoticias.com\/index.php\/wp-json\/wp\/v2\/media?parent=57386"}],"wp:term":[{"taxonomy":"category","embeddable":true,"href":"https:\/\/cdnoticias.com\/index.php\/wp-json\/wp\/v2\/categories?post=57386"},{"taxonomy":"post_tag","embeddable":true,"href":"https:\/\/cdnoticias.com\/index.php\/wp-json\/wp\/v2\/tags?post=57386"}],"curies":[{"name":"wp","href":"https:\/\/api.w.org\/{rel}","templated":true}]}}