{"id":57383,"date":"2022-06-16T17:24:44","date_gmt":"2022-06-16T20:24:44","guid":{"rendered":"https:\/\/www.centraldenoticias.com.ar\/?p=57383"},"modified":"2022-06-19T19:31:07","modified_gmt":"2022-06-19T22:31:07","slug":"en-la-plaza-manuel-belgrano-se-hara-el-acto-del-dia-de-la-bandera","status":"publish","type":"post","link":"https:\/\/cdnoticias.com\/index.php\/2022\/06\/16\/en-la-plaza-manuel-belgrano-se-hara-el-acto-del-dia-de-la-bandera\/","title":{"rendered":"En la Plaza Manuel Belgrano se har\u00e1 el acto del D\u00eda de la Bandera"},"content":{"rendered":"<p>El lunes a las 11:00 se har\u00e1 el acto oficial y se convoc\u00f3 a las escuelas a participar. La concentraci\u00f3n comenzar\u00e1 a las 10:00 y se servir\u00e1 un chocolate.<\/p>\n<p><!--more--><\/p>\n<hr \/>\n<p><strong>En la Plaza Manuel Belgrano, de Buchardo y Rivadavia, el lunes 20 de junio a las 11:00 se har\u00e1 el acto del D\u00eda de la Bandera<\/strong>. La concentraci\u00f3n comenzar\u00e1 a las 10:00.<\/p>\n<p>&nbsp;<\/p>\n<p>Desde la<strong> Direcci\u00f3n de Ceremonial y Protocolo<\/strong> se inform\u00f3 el cambio de locaci\u00f3n, ya que inicialmente se hab\u00eda previsto otra sede para el encuentro.<\/p>\n<p>&nbsp;<\/p>\n<p><img data-recalc-dims=\"1\" loading=\"lazy\" decoding=\"async\" class=\"aligncenter wp-image-57571\" src=\"https:\/\/i0.wp.com\/cdnoticias.com\/wp-content\/uploads\/2022\/06\/Plaza-Manuel-Belgrano-1-1024x683-1.jpg?resize=800%2C534&#038;ssl=1\" alt=\"\" width=\"800\" height=\"534\" srcset=\"https:\/\/i0.wp.com\/cdnoticias.com\/wp-content\/uploads\/2022\/06\/Plaza-Manuel-Belgrano-1-1024x683-1.jpg?w=1024&amp;ssl=1 1024w, https:\/\/i0.wp.com\/cdnoticias.com\/wp-content\/uploads\/2022\/06\/Plaza-Manuel-Belgrano-1-1024x683-1.jpg?resize=300%2C200&amp;ssl=1 300w, https:\/\/i0.wp.com\/cdnoticias.com\/wp-content\/uploads\/2022\/06\/Plaza-Manuel-Belgrano-1-1024x683-1.jpg?resize=768%2C512&amp;ssl=1 768w, https:\/\/i0.wp.com\/cdnoticias.com\/wp-content\/uploads\/2022\/06\/Plaza-Manuel-Belgrano-1-1024x683-1.jpg?resize=272%2C182&amp;ssl=1 272w\" sizes=\"auto, (max-width: 800px) 100vw, 800px\" \/><\/p>\n<p>&nbsp;<\/p>\n<p>A la par, se convoc\u00f3 a establecimientos educativos a participar de la tradicional <strong>Promesa de Lealtad a la ense\u00f1a patria<\/strong>.\u00a0Deber\u00e1n confirmar su participaci\u00f3n a trav\u00e9s del correo <em>ceremonialyptotocolo@olavarria.gov.ar<\/em>, donde conste un tel\u00e9fono de contacto,\u00a0 nombre de la\/el responsable de la instituci\u00f3n, as\u00ed como tambi\u00e9n la cantidad aproximada de alumnos\/as que conformar\u00e1n la delegaci\u00f3n.<\/p>\n<p>&nbsp;<\/p>\n<p><strong>El cronograma se iniciar\u00e1 a las 10 horas con la concentraci\u00f3n de las instituciones<\/strong> para adoptar el dispositivo de formaci\u00f3n previo a la ceremonia. En la ocasi\u00f3n se servir\u00e1 un chocolate.<\/p>\n<p>&nbsp;<\/p>\n<p>En tanto que <strong>a las 11 ser\u00e1 la hora de inicio del acto oficial<\/strong>, con la ceremonia de promesa y juramento a la bandera.<\/p>\n","protected":false},"excerpt":{"rendered":"<p>El lunes a las 11:00 se har\u00e1 el acto oficial y se convoc\u00f3 a las escuelas a participar. La concentraci\u00f3n<\/p>\n","protected":false},"author":6,"featured_media":57384,"comment_status":"closed","ping_status":"closed","sticky":false,"template":"","format":"standard","meta":{"_jetpack_memberships_contains_paid_content":false,"footnotes":""},"categories":[5,1],"tags":[],"class_list":["post-57383","post","type-post","status-publish","format-standard","has-post-thumbnail","hentry","category-informacion-general","category-portada"],"jetpack_featured_media_url":"https:\/\/i0.wp.com\/cdnoticias.com\/wp-content\/uploads\/2022\/06\/Acto-Dia-de-la-Bandera-1024x683-1.jpg?fit=1024%2C683&ssl=1","jetpack_sharing_enabled":true,"_links":{"self":[{"href":"https:\/\/cdnoticias.com\/index.php\/wp-json\/wp\/v2\/posts\/57383","targetHints":{"allow":["GET"]}}],"collection":[{"href":"https:\/\/cdnoticias.com\/index.php\/wp-json\/wp\/v2\/posts"}],"about":[{"href":"https:\/\/cdnoticias.com\/index.php\/wp-json\/wp\/v2\/types\/post"}],"author":[{"embeddable":true,"href":"https:\/\/cdnoticias.com\/index.php\/wp-json\/wp\/v2\/users\/6"}],"replies":[{"embeddable":true,"href":"https:\/\/cdnoticias.com\/index.php\/wp-json\/wp\/v2\/comments?post=57383"}],"version-history":[{"count":0,"href":"https:\/\/cdnoticias.com\/index.php\/wp-json\/wp\/v2\/posts\/57383\/revisions"}],"wp:featuredmedia":[{"embeddable":true,"href":"https:\/\/cdnoticias.com\/index.php\/wp-json\/wp\/v2\/media\/57384"}],"wp:attachment":[{"href":"https:\/\/cdnoticias.com\/index.php\/wp-json\/wp\/v2\/media?parent=57383"}],"wp:term":[{"taxonomy":"category","embeddable":true,"href":"https:\/\/cdnoticias.com\/index.php\/wp-json\/wp\/v2\/categories?post=57383"},{"taxonomy":"post_tag","embeddable":true,"href":"https:\/\/cdnoticias.com\/index.php\/wp-json\/wp\/v2\/tags?post=57383"}],"curies":[{"name":"wp","href":"https:\/\/api.w.org\/{rel}","templated":true}]}}