{"id":57380,"date":"2022-06-14T18:00:57","date_gmt":"2022-06-14T21:00:57","guid":{"rendered":"https:\/\/www.centraldenoticias.com.ar\/?p=57380"},"modified":"2022-06-14T18:00:57","modified_gmt":"2022-06-14T21:00:57","slug":"coopelectric-se-reunio-con-la-asociacion-de-propietarios-del-barrio-jardin","status":"publish","type":"post","link":"https:\/\/cdnoticias.com\/index.php\/2022\/06\/14\/coopelectric-se-reunio-con-la-asociacion-de-propietarios-del-barrio-jardin\/","title":{"rendered":"Coopelectric se reuni\u00f3 con la Asociaci\u00f3n de Propietarios del barrio Jard\u00edn"},"content":{"rendered":"<p>Fue en el marco del Programa \u201cDi\u00e1logos Comunitarios\u201d. <!--more--><\/p>\n<hr \/>\n<p>&nbsp;<\/p>\n<p>D\u00edas atr\u00e1s los integrantes del <strong>Consejo de Administraci\u00f3n de Coopelectric<\/strong> recibieron en la sede administrativa la visita de referentes de la <strong>Asociaci\u00f3n de Propietarios del barrio Jard\u00edn<\/strong>. Fue en el marco del <strong>Programa \u201cDi\u00e1logos Comunitarios\u201d<\/strong> el cual constituye un espacio de di\u00e1logo en el que se abordan tem\u00e1ticas institucionales.<\/p>\n<p>&nbsp;<\/p>\n<p>Cont\u00f3 con la presencia del titular del Consejo de Administraci\u00f3n Cruz Arouxet<strong>,<\/strong> el secretario Alberto Miotti, el tesorero Carlos D\u00edaz, el prosecretario Oscar Angeletti, el protesorero Jorge Rodr\u00edguez Setzes, el vocal Jos\u00e9 Mor\u00e1n, el s\u00edndico Horacio Balbiani, el vicepresidente del cuerpo de Delegados Jos\u00e9 Luis Veyrand, el gerente de Coordinaci\u00f3n Ejecutiva Oscar L\u00f3pez, el gerente de Distribuci\u00f3n del Servicio El\u00e9ctrico Claudio N\u00e1poli, el secretario de la Asociaci\u00f3n de Propietarios del barrio Jard\u00edn Ramiro Constantino y el vocal Rodolfo Abraham.<\/p>\n<p>&nbsp;<\/p>\n<p>Uno de los temas salientes de la reuni\u00f3n fue el <strong>Alumbrado P\u00fablico,<\/strong> por lo que se abord\u00f3 la tarea de Coopelectric en cuanto a la operaci\u00f3n y el mantenimiento del parque lum\u00ednico del Partido. En tal sentido, <strong>desde el barrio Jard\u00edn se brind\u00f3 informaci\u00f3n sobre l\u00e1mparas apagadas en el sector<\/strong>, las cuales al d\u00eda de hoy <strong>ya han sido reparadas por el \u00e1rea t\u00e9cnica<\/strong>. Por otro lado, ante la inquietud de colocar nuevas luminarias en espacios que a\u00fan no cuentan con iluminaci\u00f3n p\u00fablica se les ofreci\u00f3 el asesoramiento pertinente.<\/p>\n<p>&nbsp;<\/p>\n<p>Desde el Consejo de Administraci\u00f3n se record\u00f3 la <strong>utilizaci\u00f3n del WhatsApp (2284-230707) para realizar reclamos t\u00e9cnicos,<\/strong> dado que \u201cpermite realizar su seguimiento y trazabilidad\u201d y al mismo tiempo destacaron la importancia de que los vecinos efect\u00faen los reclamos porque \u201ces la \u00fanica forma con la que podemos tomar conocimiento y operar en consecuencia\u201d.<\/p>\n<p>&nbsp;<\/p>\n<p>Finalmente se hizo referencia a la posibilidad de acceder a la Tarifa Social y a planes de financiaci\u00f3n de deuda que contemplen la realidad socioecon\u00f3mica de cada familia.<\/p>\n<p>&nbsp;<\/p>\n<p><strong>\u201cFue un encuentro muy enriquecedor\u201d expres\u00f3 Cruz Arouxet<\/strong> y a continuaci\u00f3n a\u00f1adi\u00f3 \u201cpudimos canalizar consultas e inquietudes y tambi\u00e9n conocer en detalle el gran trabajo que vienen desarrollando desde la Comisi\u00f3n Directiva del barrio, sus logros y proyectos futuros\u201d.<\/p>\n<p>&nbsp;<\/p>\n<p><strong>Programa \u201cDi\u00e1logos Comunitarios\u201d<\/strong><\/p>\n<p>&nbsp;<\/p>\n<p>Las entidades interesadas en participar pueden solicitar un encuentro acerc\u00e1ndose de<strong> lunes a viernes de 7:30 a 14:30<\/strong> al \u00e1rea de Secretar\u00eda en la sede de <strong>Belgrano 2850<\/strong> o contact\u00e1ndose a trav\u00e9s de la casilla de correo <strong>secretariaadministracion@coopelectric.com.ar<\/strong><\/p>\n","protected":false},"excerpt":{"rendered":"<p>Fue en el marco del Programa \u201cDi\u00e1logos Comunitarios\u201d.<\/p>\n","protected":false},"author":6,"featured_media":57381,"comment_status":"closed","ping_status":"closed","sticky":false,"template":"","format":"standard","meta":{"_jetpack_memberships_contains_paid_content":false,"footnotes":""},"categories":[5],"tags":[],"class_list":["post-57380","post","type-post","status-publish","format-standard","has-post-thumbnail","hentry","category-informacion-general"],"jetpack_featured_media_url":"https:\/\/i0.wp.com\/cdnoticias.com\/wp-content\/uploads\/2022\/06\/Reunion-Asoc-Prop-B%C2%B0-Jardin.jpeg?fit=1600%2C1200&ssl=1","jetpack_sharing_enabled":true,"_links":{"self":[{"href":"https:\/\/cdnoticias.com\/index.php\/wp-json\/wp\/v2\/posts\/57380","targetHints":{"allow":["GET"]}}],"collection":[{"href":"https:\/\/cdnoticias.com\/index.php\/wp-json\/wp\/v2\/posts"}],"about":[{"href":"https:\/\/cdnoticias.com\/index.php\/wp-json\/wp\/v2\/types\/post"}],"author":[{"embeddable":true,"href":"https:\/\/cdnoticias.com\/index.php\/wp-json\/wp\/v2\/users\/6"}],"replies":[{"embeddable":true,"href":"https:\/\/cdnoticias.com\/index.php\/wp-json\/wp\/v2\/comments?post=57380"}],"version-history":[{"count":0,"href":"https:\/\/cdnoticias.com\/index.php\/wp-json\/wp\/v2\/posts\/57380\/revisions"}],"wp:featuredmedia":[{"embeddable":true,"href":"https:\/\/cdnoticias.com\/index.php\/wp-json\/wp\/v2\/media\/57381"}],"wp:attachment":[{"href":"https:\/\/cdnoticias.com\/index.php\/wp-json\/wp\/v2\/media?parent=57380"}],"wp:term":[{"taxonomy":"category","embeddable":true,"href":"https:\/\/cdnoticias.com\/index.php\/wp-json\/wp\/v2\/categories?post=57380"},{"taxonomy":"post_tag","embeddable":true,"href":"https:\/\/cdnoticias.com\/index.php\/wp-json\/wp\/v2\/tags?post=57380"}],"curies":[{"name":"wp","href":"https:\/\/api.w.org\/{rel}","templated":true}]}}