{"id":57358,"date":"2022-06-14T19:30:41","date_gmt":"2022-06-14T22:30:41","guid":{"rendered":"https:\/\/www.centraldenoticias.com.ar\/?p=57358"},"modified":"2022-06-14T19:30:41","modified_gmt":"2022-06-14T22:30:41","slug":"la-policia-de-la-ciudad-de-buenos-aires-desmantelo-una-banda-delictiva-que-operaba-en-provincia","status":"publish","type":"post","link":"https:\/\/cdnoticias.com\/index.php\/2022\/06\/14\/la-policia-de-la-ciudad-de-buenos-aires-desmantelo-una-banda-delictiva-que-operaba-en-provincia\/","title":{"rendered":"La Polic\u00eda de la Ciudad de Buenos Aires desmantel\u00f3 una banda delictiva que operaba en Provincia"},"content":{"rendered":"<p>Rodr\u00edguez Larreta remarc\u00f3 que se trat\u00f3 de un \u201cnuevo golpe al crimen organizado, un golpe a los que violan la ley y amenazan la seguridad de los millones de argentinos que viven, nos visitan, pasean o trabajan en la Ciudad\u201d.<!--more--><\/p>\n<hr \/>\n<p>&nbsp;<\/p>\n<p>Este martes, el jefe de Gobierno de la Ciudad de Buenos Aires, <strong>Horacio Rodr\u00edguez Larreta<\/strong>, dio detalles del<strong> megaoperativo que permiti\u00f3 desmantelar a la banda \u201cLos Lindos<\/strong>\u201d, cuyo jefe operaba desde un penal de General Alvear.<\/p>\n<p>&nbsp;<\/p>\n<p>La asociaci\u00f3n il\u00edcita comet\u00eda<strong> delitos a mano armada, robo de veh\u00edculos y autopartes, entraderas, falsificaci\u00f3n de documentos y sicariatos<\/strong> en la Provincia de Buenos Aires, en la Ciudad de Buenos Aires y en Rosario.<\/p>\n<p>&nbsp;<\/p>\n<p>Rodr\u00edguez Larreta remarc\u00f3 que se trat\u00f3 de un \u201c<strong>nuevo golpe al crimen organizado, un golpe a los que violan la ley y amenazan la seguridad de los millones de argentinos que viven, nos visitan, pasean o trabajan en la Ciudad\u201d.<\/strong><\/p>\n<p>&nbsp;<\/p>\n<p>El Jefe de Gobierno destac\u00f3 el trabajo de los investigadores y advirti\u00f3 sobre la peligrosidad de la banda desmantelada. \u201c<strong>Se detuvieron 16 delincuentes que ya no van a estar m\u00e1s en la calle, robando, arrebatando la vida o los bienes de los que se esfuerzan todos los d\u00edas para vivir mejor<\/strong>\u201d, se\u00f1al\u00f3.<\/p>\n<p>&nbsp;<\/p>\n<p>\u201cUn robo no es solo material, no es perder el auto. Es un ataque al esfuerzo, al trabajo de todos los argentinos. Siempre que te roban es desolador, uno siente que se violenta su libertad. Adem\u00e1s el auto es el resultado del esfuerzo, del ahorro de muchos a\u00f1os, incluso para muchos es un elemento de trabajo, para llevar a los chicos al colegio o para trasladar a un familiar con dificultades. Al robarte el auto es como que desaparece todo ese esfuerzo en un segundo. Hoy, con esta banda desmantelada, estamos un poco m\u00e1s tranquilos\u201d agreg\u00f3.<\/p>\n<p>&nbsp;<\/p>\n<p><img data-recalc-dims=\"1\" loading=\"lazy\" decoding=\"async\" class=\"aligncenter wp-image-57360 size-large\" src=\"https:\/\/i0.wp.com\/cdnoticias.com\/wp-content\/uploads\/2022\/06\/WhatsApp-Image-2022-06-14-at-3.12.36-PM.jpeg?resize=800%2C533&#038;ssl=1\" alt=\"\" width=\"800\" height=\"533\" srcset=\"https:\/\/i0.wp.com\/cdnoticias.com\/wp-content\/uploads\/2022\/06\/WhatsApp-Image-2022-06-14-at-3.12.36-PM.jpeg?resize=1024%2C682&amp;ssl=1 1024w, https:\/\/i0.wp.com\/cdnoticias.com\/wp-content\/uploads\/2022\/06\/WhatsApp-Image-2022-06-14-at-3.12.36-PM.jpeg?resize=300%2C200&amp;ssl=1 300w, https:\/\/i0.wp.com\/cdnoticias.com\/wp-content\/uploads\/2022\/06\/WhatsApp-Image-2022-06-14-at-3.12.36-PM.jpeg?resize=768%2C512&amp;ssl=1 768w, https:\/\/i0.wp.com\/cdnoticias.com\/wp-content\/uploads\/2022\/06\/WhatsApp-Image-2022-06-14-at-3.12.36-PM.jpeg?resize=272%2C182&amp;ssl=1 272w, https:\/\/i0.wp.com\/cdnoticias.com\/wp-content\/uploads\/2022\/06\/WhatsApp-Image-2022-06-14-at-3.12.36-PM.jpeg?w=1280&amp;ssl=1 1280w\" sizes=\"auto, (max-width: 800px) 100vw, 800px\" \/><\/p>\n<p>&nbsp;<\/p>\n<p><strong>Rodr\u00edguez Larreta<\/strong> estuvo acompa\u00f1ado del jefe de Gabinete, <strong>Felipe Miguel;<\/strong> el ministro de Gobierno, <strong>Jorge Macri,<\/strong> y el ministro de Justicia y Seguridad, <strong>Marcelo D\u2019Alessandro.<\/strong><\/p>\n<p>&nbsp;<\/p>\n<p>Al repasar los detalles del operativo, <strong>Rodr\u00edguez Larreta resalt\u00f3 la cooperaci\u00f3n de la Justicia en la Provincia de Buenos Aires y en las distintas jurisdicciones donde operaba la organizaci\u00f3n criminal.<\/strong><\/p>\n<p>&nbsp;<\/p>\n<p>\u201cEs realmente un muy buen ejemplo del trabajo en equipo. <strong>Cuando se pone en juego la seguridad de la gente no puede haber diferencias pol\u00edticas. Tenemos que trabajar todos juntos<\/strong>. Es la \u00fanica manera de que los delincuentes est\u00e9n donde tienen que estar, presos. Es la \u00fanica manera de hacerlos retroceder\u201d, asegur\u00f3.<\/p>\n<p>&nbsp;<\/p>\n<p>El Jefe de Gobierno afirm\u00f3 que el operativo demuestra que \u201cse puede mejorar la seguridad\u201d y subray\u00f3 que \u201ces un mensaje importante para todo el pa\u00eds, para el Conurbano, que tanto sufre la inseguridad. Se puede mejorar la seguridad. Requiere decisi\u00f3n pol\u00edtica, que se refleja en la firmeza en la lucha contra el delito, pero tambi\u00e9n requiere planificaci\u00f3n, un plan que paso a paso vaya avanzando, mejorando la actuaci\u00f3n de la Polic\u00eda, equip\u00e1ndola, arrinconando a las mafias, a las bandas, a todo el crimen organizado\u201d.<\/p>\n<p>&nbsp;<\/p>\n<p>Tras destacar el trabajo de los investigadores, Rodr\u00edguez Larreta hizo una menci\u00f3n especial al desempe\u00f1o de la Polic\u00eda de la Ciudad de Buenos Aires. \u201cTodo se llev\u00f3 adelante con una fuerza muy profesionalizada que es un orgullo y que es la que ha llevado a tener las tasas de delitos en la Ciudad m\u00e1s baja de la historia\u201d, subray\u00f3.<\/p>\n<p>&nbsp;<\/p>\n<p>Por su parte, <strong>Felipe Miguel asegur\u00f3 que el operativo puso fin a \u201cuna banda que le arruinaba la vida a mucha gente\u201d<\/strong>. Adem\u00e1s, el Jefe de Gabinete de Rodr\u00edguez Larreta destac\u00f3 que <strong>su gobierno detuvo a 1.695 pr\u00f3fugos de la Justicia con el sistema de reconocimiento facial<\/strong>. Y agreg\u00f3 que &#8220;eso lo logramos porque actuamos, con la decisi\u00f3n pol\u00edtica, porque tenemos polic\u00edas en la calle, porque tenemos un sistema de videovigilancia robusto, porque investigamos a fondo a cada una de estas bandas criminales. No dejamos librados al azar las investigaciones y los detalles\u201d.<\/p>\n<p>&nbsp;<\/p>\n<p>\u201cAunque nos pongan palos en las ruedas, nos traben el ingreso de las Taser, dificulten la detenci\u00f3n de aquellos que tienen que estar en la c\u00e1rcel, no vamos a aflojar, porque la seguridad para nosotros es una prioridad y representa la libertad de todos los ciudadanos\u201d, explic\u00f3 el Jefe de Gabinete.<\/p>\n<p>&nbsp;<\/p>\n<p><strong>D\u2019Alessandro detall\u00f3 que uno de los jefes de la banda \u201coperaba desde un penal de General Alvear\u201d, en la provincia de Buenos Aires<\/strong>, y afirm\u00f3 que ese dato \u201ctambi\u00e9n nos interpela nuevamente en esto de darles lo que supuestamente ser\u00eda un beneficio, los tel\u00e9fonos, para que se comuniquen con sus familiares, y terminan delinquiendo\u201d. Adem\u00e1s explic\u00f3 que parte de la organizaci\u00f3n criminal \u201cten\u00eda v\u00ednculos con Los Monos\u201d en Rosario.<\/p>\n<p>&nbsp;<\/p>\n<p>Por su parte,\u00a0 el ministro Macri se\u00f1al\u00f3 que el operativo que permiti\u00f3<strong> desmantelar a la banda \u201cLos Lindos\u201d<\/strong> demuestra que \u201ces imprescindible que trabajemos con cada gobierno, tanto provincial como nacional, en coordinaci\u00f3n, porque el delito no tiene frontera\u201d.<\/p>\n<p>&nbsp;<\/p>\n<p>En ese sentido, agreg\u00f3 que &#8220;es un nuevo llamado como gobierno de la Ciudad a terminar con una grieta pol\u00edtica que nos tiene que encontrar a todos trabajando en conjunto, dejando algo en claro:<strong> de este lado tenemos que estar los que gobernamos y en la vereda de enfrente los delincuentes\u201d.<\/strong><\/p>\n<p>&nbsp;<\/p>\n<p><strong>Cinco meses de investigaci\u00f3n, 20 allanamientos y 16 detenidos<\/strong><\/p>\n<p>&nbsp;<\/p>\n<p>El operativo, donde hubo <strong>16 detenidos, incluy\u00f3 m\u00e1s de 20 allanamientos<\/strong> en las tres jurisdicciones, tareas de campo, escuchas telef\u00f3nicas e investigaci\u00f3n en redes sociales. En el proceso,<strong> se secuestraron una gran cantidad de veh\u00edculos, armas de fuego, tel\u00e9fonos celulares, dinero en efectivo y documentaci\u00f3n ap\u00f3crifa.<\/strong><\/p>\n<p>&nbsp;<\/p>\n<p>La investigaci\u00f3n, de m\u00e1s de cinco meses, estuvo liderada por el Personal de la Divisi\u00f3n Defraudaciones y Estafas, perteneciente al Departamento Delitos Econ\u00f3micos de la Polic\u00eda de la Ciudad. Comenz\u00f3 luego de recibir un requerimiento de la Fiscal\u00eda Federal N\u00b0 6 del Dr. Federico Delgado y del Juzgado Nacional en lo Criminal y Correccional Federal N\u00b0 1, a cargo de la doctora Mar\u00eda Servini y de la Secretar\u00eda 1 del Dr. Agust\u00edn Miragaya.<\/p>\n<p>&nbsp;<\/p>\n<p>De acuerdo a la informaci\u00f3n obtenida, la banda robaba autos a mano armada y los \u201cacondicionaba\u201d para luego venderlos en el interior del pa\u00eds. Les creaban nueva documentaci\u00f3n falsa, les alteraban los n\u00fameros del chasis y la carrocer\u00eda. Tambi\u00e9n, les colocaban una nueva patente que no tuviera pedido de captura con el fin de que no fuera detectada por el Anillo Digital.<\/p>\n<p>&nbsp;<\/p>\n<p>La <strong>banda se encontraba compuesta por al menos 30 personas<\/strong> y trabajaba dividida en dos grupos: \u201cLos Ca\u00f1eros\u201d y \u201cLos Intelectuales\u201d. Los primeros robaban los veh\u00edculos y los segundos se encargaban de su venta. Los investigadores localizaron veh\u00edculos que fueron sustra\u00eddos en la Ciudad y vendidos ilegalmente en Rosario, C\u00f3rdoba y Chaco.<\/p>\n<p>&nbsp;<\/p>\n<p>&#8220;Se trata de un nuevo paso en la lucha contra el delito en el marco del Plan Integral de Seguridad P\u00fablica para que los vecinos y quienes visitan la Ciudad todos los d\u00edas lo hagan de manera m\u00e1s segura. En mayo, el Gobierno porte\u00f1o anunci\u00f3 que cumpli\u00f3 con uno de los compromisos asumidos para el per\u00edodo 2019-2023: el 75% del territorio porte\u00f1o ya cuenta con c\u00e1maras de videovigilancia&#8221; se explic\u00f3.<\/p>\n","protected":false},"excerpt":{"rendered":"<p>Rodr\u00edguez Larreta remarc\u00f3 que se trat\u00f3 de un \u201cnuevo golpe al crimen organizado, un golpe a los que violan la<\/p>\n","protected":false},"author":6,"featured_media":57359,"comment_status":"closed","ping_status":"closed","sticky":false,"template":"","format":"standard","meta":{"_jetpack_memberships_contains_paid_content":false,"footnotes":""},"categories":[6],"tags":[],"class_list":["post-57358","post","type-post","status-publish","format-standard","has-post-thumbnail","hentry","category-nacionales"],"jetpack_featured_media_url":"https:\/\/i0.wp.com\/cdnoticias.com\/wp-content\/uploads\/2022\/06\/WhatsApp-Image-2022-06-14-at-3.12.36-PM-1.jpeg?fit=1280%2C853&ssl=1","jetpack_sharing_enabled":true,"_links":{"self":[{"href":"https:\/\/cdnoticias.com\/index.php\/wp-json\/wp\/v2\/posts\/57358","targetHints":{"allow":["GET"]}}],"collection":[{"href":"https:\/\/cdnoticias.com\/index.php\/wp-json\/wp\/v2\/posts"}],"about":[{"href":"https:\/\/cdnoticias.com\/index.php\/wp-json\/wp\/v2\/types\/post"}],"author":[{"embeddable":true,"href":"https:\/\/cdnoticias.com\/index.php\/wp-json\/wp\/v2\/users\/6"}],"replies":[{"embeddable":true,"href":"https:\/\/cdnoticias.com\/index.php\/wp-json\/wp\/v2\/comments?post=57358"}],"version-history":[{"count":0,"href":"https:\/\/cdnoticias.com\/index.php\/wp-json\/wp\/v2\/posts\/57358\/revisions"}],"wp:featuredmedia":[{"embeddable":true,"href":"https:\/\/cdnoticias.com\/index.php\/wp-json\/wp\/v2\/media\/57359"}],"wp:attachment":[{"href":"https:\/\/cdnoticias.com\/index.php\/wp-json\/wp\/v2\/media?parent=57358"}],"wp:term":[{"taxonomy":"category","embeddable":true,"href":"https:\/\/cdnoticias.com\/index.php\/wp-json\/wp\/v2\/categories?post=57358"},{"taxonomy":"post_tag","embeddable":true,"href":"https:\/\/cdnoticias.com\/index.php\/wp-json\/wp\/v2\/tags?post=57358"}],"curies":[{"name":"wp","href":"https:\/\/api.w.org\/{rel}","templated":true}]}}