{"id":57351,"date":"2022-06-14T17:30:42","date_gmt":"2022-06-14T20:30:42","guid":{"rendered":"https:\/\/www.centraldenoticias.com.ar\/?p=57351"},"modified":"2022-06-14T17:30:42","modified_gmt":"2022-06-14T20:30:42","slug":"la-provincia-intensifica-la-fiscalizacion-sobre-grandes-cadenas-de-supermercados","status":"publish","type":"post","link":"https:\/\/cdnoticias.com\/index.php\/2022\/06\/14\/la-provincia-intensifica-la-fiscalizacion-sobre-grandes-cadenas-de-supermercados\/","title":{"rendered":"La Provincia intensifica la fiscalizaci\u00f3n sobre grandes cadenas de supermercados"},"content":{"rendered":"<p>A trav\u00e9s de ARBA y del Ministerio de Producci\u00f3n iniciaron operativos conjuntos. Buscan detectar maniobras de evasi\u00f3n tributaria, verificar el traslado de mercader\u00edas y controlar el cumplimiento del programa Precios Cuidados.<!--more--><\/p>\n<hr \/>\n<p><strong>Equipos de fiscalizaci\u00f3n de la Agencia de Recaudaci\u00f3n de la provincia de Buenos Aires (ARBA) y del Ministerio de Producci\u00f3n, Ciencia e Innovaci\u00f3n Tecnol\u00f3gica iniciaron una serie de operativos conjuntos sobre hipermercados, mayoristas y minoristas<\/strong> que operan en territorio bonaerense para detectar maniobras de evasi\u00f3n tributaria, verificar el traslado de mercader\u00edas y controlar el cumplimiento del programa Precios Cuidados.<\/p>\n<p>&nbsp;<\/p>\n<p>Las acciones<strong> se realizan de forma simult\u00e1nea en cadenas de supermercados y distribuidoras<\/strong> ubicadas en <em>La Plata, San Miguel, Vicente L\u00f3pez, <strong>Tandil<\/strong>, Bah\u00eda Blanca, Mar del Plata, Mart\u00ednez, Moreno, Chacabuco, Trenque Lauquen, Salto, Esteban Echeverr\u00eda, Ezeiza, Ituzaing\u00f3, Munro, Moreno y General Rodr\u00edguez, entre otras localidades del interior, zona metropolitana bonaerense y tambi\u00e9n la Ciudad Aut\u00f3noma de Buenos Aires<\/em>.<\/p>\n<p>&nbsp;<\/p>\n<blockquote><p>El foco est\u00e1 puesto en la fiscalizaci\u00f3n de los principales centros de distribuci\u00f3n de las cadenas con el fin de observar si el traslado de mercader\u00edas cumple con los requisitos legales exigidos y si cuenta con la correspondiente documentaci\u00f3n de respaldo.<\/p><\/blockquote>\n<p>&nbsp;<\/p>\n<p><img data-recalc-dims=\"1\" loading=\"lazy\" decoding=\"async\" class=\"aligncenter wp-image-57352 size-large\" src=\"https:\/\/i0.wp.com\/cdnoticias.com\/wp-content\/uploads\/2022\/06\/ARBA-supermercados-1.jpeg?resize=800%2C533&#038;ssl=1\" alt=\"\" width=\"800\" height=\"533\" srcset=\"https:\/\/i0.wp.com\/cdnoticias.com\/wp-content\/uploads\/2022\/06\/ARBA-supermercados-1.jpeg?resize=1024%2C682&amp;ssl=1 1024w, https:\/\/i0.wp.com\/cdnoticias.com\/wp-content\/uploads\/2022\/06\/ARBA-supermercados-1.jpeg?resize=300%2C200&amp;ssl=1 300w, https:\/\/i0.wp.com\/cdnoticias.com\/wp-content\/uploads\/2022\/06\/ARBA-supermercados-1.jpeg?resize=768%2C512&amp;ssl=1 768w, https:\/\/i0.wp.com\/cdnoticias.com\/wp-content\/uploads\/2022\/06\/ARBA-supermercados-1.jpeg?resize=272%2C182&amp;ssl=1 272w, https:\/\/i0.wp.com\/cdnoticias.com\/wp-content\/uploads\/2022\/06\/ARBA-supermercados-1.jpeg?w=1280&amp;ssl=1 1280w\" sizes=\"auto, (max-width: 800px) 100vw, 800px\" \/><\/p>\n<p>&nbsp;<\/p>\n<p>Del mismo modo, otra parte de los equipos de fiscalizaci\u00f3n de ARBA se enfocan espec\u00edficamente en el <strong>control de la evasi\u00f3n y elusi\u00f3n tributaria<\/strong>, analizando, entre otras cuestiones, maniobras tales como sub-declaraci\u00f3n o triangulaci\u00f3n de ingresos o bien asignaci\u00f3n de base imponible a actividades con al\u00edcuotas m\u00e1s bajas declaraciones juradas que las correspondientes. Tambi\u00e9n notifican deudas entre quienes registran incumplimientos fiscales.<\/p>\n<p>&nbsp;<\/p>\n<p>En cuanto al trabajo conjunto entre ARBA y el Ministerio de Producci\u00f3n, Ciencia e Innovaci\u00f3n Tecnol\u00f3gica, se trata de una labor articulada del gobierno provincial que apunta a <strong>verificar el cumplimiento de los acuerdos vigentes<\/strong>, analizar si hay productos faltantes en las g\u00f3ndolas y detectar posibles maniobras en la formaci\u00f3n de precios.<\/p>\n<p>&nbsp;<\/p>\n<p><img data-recalc-dims=\"1\" loading=\"lazy\" decoding=\"async\" class=\"aligncenter wp-image-57354\" src=\"https:\/\/i0.wp.com\/cdnoticias.com\/wp-content\/uploads\/2022\/06\/ARBA-supermercados-3.jpeg?resize=800%2C450&#038;ssl=1\" alt=\"\" width=\"800\" height=\"450\" srcset=\"https:\/\/i0.wp.com\/cdnoticias.com\/wp-content\/uploads\/2022\/06\/ARBA-supermercados-3.jpeg?w=1024&amp;ssl=1 1024w, https:\/\/i0.wp.com\/cdnoticias.com\/wp-content\/uploads\/2022\/06\/ARBA-supermercados-3.jpeg?resize=300%2C169&amp;ssl=1 300w, https:\/\/i0.wp.com\/cdnoticias.com\/wp-content\/uploads\/2022\/06\/ARBA-supermercados-3.jpeg?resize=768%2C432&amp;ssl=1 768w\" sizes=\"auto, (max-width: 800px) 100vw, 800px\" \/><\/p>\n<p>&nbsp;<\/p>\n<p>Este conjunto de acciones busca <strong>profundizar los controles que ejerce la Provincia sobre la cadena de distribuci\u00f3n, venta mayorista y minorista de supermercados<\/strong>, que incluye a las 15 principales empresas del sector.<\/p>\n<p>&nbsp;<\/p>\n<p>Del operativo simult\u00e1neo, que se extender\u00e1 toda la semana, <strong>participan m\u00e1s de 200 agentes<\/strong> que se despliegan en distintos puntos del territorio bonaerense y realizan controles en sucursales de <strong>La An\u00f3nima, Toledo, Coto, Nini, Makro, Cencosud, Carrefour, Changom\u00e1s y Cooperativa Obrera<\/strong> entre otras empresas.<\/p>\n","protected":false},"excerpt":{"rendered":"<p>A trav\u00e9s de ARBA y del Ministerio de Producci\u00f3n iniciaron operativos conjuntos. Buscan detectar maniobras de evasi\u00f3n tributaria, verificar el<\/p>\n","protected":false},"author":4,"featured_media":57353,"comment_status":"closed","ping_status":"closed","sticky":false,"template":"","format":"standard","meta":{"_jetpack_memberships_contains_paid_content":false,"footnotes":""},"categories":[6,1],"tags":[],"class_list":["post-57351","post","type-post","status-publish","format-standard","has-post-thumbnail","hentry","category-nacionales","category-portada"],"jetpack_featured_media_url":"https:\/\/i0.wp.com\/cdnoticias.com\/wp-content\/uploads\/2022\/06\/ARBA-supermercados-2.jpeg?fit=1024%2C576&ssl=1","jetpack_sharing_enabled":true,"_links":{"self":[{"href":"https:\/\/cdnoticias.com\/index.php\/wp-json\/wp\/v2\/posts\/57351","targetHints":{"allow":["GET"]}}],"collection":[{"href":"https:\/\/cdnoticias.com\/index.php\/wp-json\/wp\/v2\/posts"}],"about":[{"href":"https:\/\/cdnoticias.com\/index.php\/wp-json\/wp\/v2\/types\/post"}],"author":[{"embeddable":true,"href":"https:\/\/cdnoticias.com\/index.php\/wp-json\/wp\/v2\/users\/4"}],"replies":[{"embeddable":true,"href":"https:\/\/cdnoticias.com\/index.php\/wp-json\/wp\/v2\/comments?post=57351"}],"version-history":[{"count":0,"href":"https:\/\/cdnoticias.com\/index.php\/wp-json\/wp\/v2\/posts\/57351\/revisions"}],"wp:featuredmedia":[{"embeddable":true,"href":"https:\/\/cdnoticias.com\/index.php\/wp-json\/wp\/v2\/media\/57353"}],"wp:attachment":[{"href":"https:\/\/cdnoticias.com\/index.php\/wp-json\/wp\/v2\/media?parent=57351"}],"wp:term":[{"taxonomy":"category","embeddable":true,"href":"https:\/\/cdnoticias.com\/index.php\/wp-json\/wp\/v2\/categories?post=57351"},{"taxonomy":"post_tag","embeddable":true,"href":"https:\/\/cdnoticias.com\/index.php\/wp-json\/wp\/v2\/tags?post=57351"}],"curies":[{"name":"wp","href":"https:\/\/api.w.org\/{rel}","templated":true}]}}