{"id":57330,"date":"2022-06-14T18:59:15","date_gmt":"2022-06-14T21:59:15","guid":{"rendered":"https:\/\/www.centraldenoticias.com.ar\/?p=57330"},"modified":"2022-06-14T21:00:56","modified_gmt":"2022-06-15T00:00:56","slug":"stuppia-en-pandemia-te-aplaudia-todo-el-mundo-y-ahora-somos-los-villanos","status":"publish","type":"post","link":"https:\/\/cdnoticias.com\/index.php\/2022\/06\/14\/stuppia-en-pandemia-te-aplaudia-todo-el-mundo-y-ahora-somos-los-villanos\/","title":{"rendered":"Stuppia: \u201cEn pandemia te aplaud\u00eda todo el mundo y ahora somos los villanos\u201d"},"content":{"rendered":"<p>El referente del Sindicato de Trabajadores Municipales de Olavarr\u00eda invit\u00f3 a la comunidad a sumarse al abrazo simb\u00f3lico al Hospital que realizar\u00e1n este mi\u00e9rcoles. Forma parte de las medidas dispuestas en el marco de la paritaria.<!--more--><\/p>\n<hr \/>\n<p>El secretario General del Sindicato de Trabajadores Municipales de Olavarr\u00eda (STMO) habl\u00f3 en <strong>Radio Universidad (FM 90.1)<\/strong> sobre el abrazo simb\u00f3lico al Hospital que realizar\u00e1n el mi\u00e9rcoles 15 de junio a partir de las 9:00.<\/p>\n<p>&nbsp;<\/p>\n<p>La medida forma parte de una de las acciones que el gremio lleva adelante <strong>en el marco de la discusi\u00f3n paritaria y el rechazo por \u201cinsuficiente\u201d a la propuesta realizada desde el Ejecutivo.<\/strong><\/p>\n<p>&nbsp;<\/p>\n<p>\u201c<strong>Estamos buscando jerarquizar a todos los trabajadores.<\/strong> A m\u00ed y a toda la comisi\u00f3n directiva del gremio nos toca defender el salario de los compa\u00f1eros\u201d, afirm\u00f3 Stuppia y destac\u00f3 que \u201cestamos todos juntos, estamos unidos.<strong> Los profesionales est\u00e1n con nosotros en este reclamo<\/strong>\u201d.<\/p>\n<p>&nbsp;<\/p>\n<p>Asegur\u00f3 que tiene buenas expectativas de alcanzar esta paritaria con un resultado favorable para los trabajadores municipales: \u201c<strong>estamos fuertes y creemos que vamos a lograr lo que nos proponemos.<\/strong> Lo vamos a lograr porque es sentido com\u00fan, no porque seamos prepotentes\u201d.<\/p>\n<p>&nbsp;<\/p>\n<p><img data-recalc-dims=\"1\" loading=\"lazy\" decoding=\"async\" class=\"aligncenter size-full wp-image-55719\" src=\"https:\/\/i0.wp.com\/cdnoticias.com\/wp-content\/uploads\/2022\/05\/hospital-reclamo-de-los-municipales-00.jpg?resize=800%2C445&#038;ssl=1\" alt=\"\" width=\"800\" height=\"445\" srcset=\"https:\/\/i0.wp.com\/cdnoticias.com\/wp-content\/uploads\/2022\/05\/hospital-reclamo-de-los-municipales-00.jpg?w=800&amp;ssl=1 800w, https:\/\/i0.wp.com\/cdnoticias.com\/wp-content\/uploads\/2022\/05\/hospital-reclamo-de-los-municipales-00.jpg?resize=300%2C167&amp;ssl=1 300w, https:\/\/i0.wp.com\/cdnoticias.com\/wp-content\/uploads\/2022\/05\/hospital-reclamo-de-los-municipales-00.jpg?resize=768%2C427&amp;ssl=1 768w\" sizes=\"auto, (max-width: 800px) 100vw, 800px\" \/><\/p>\n<p>&nbsp;<\/p>\n<p>En ese sentido, indic\u00f3 que<strong> &#8220;hoy nadie puede vivir con menos de 120, 130 mil pesos&#8221;<\/strong> y describi\u00f3 la situaci\u00f3n como \u201cmuy dif\u00edcil\u201d con \u201ccompa\u00f1eros en situaci\u00f3n de calle, que no pueden pagar el alquiler, no se pueden vestir, no pueden comer\u201d.<\/p>\n<p>&nbsp;<\/p>\n<p>Stuppia relat\u00f3 que el lunes \u201ccontestamos la propuesta que hizo el Ejecutivo el viernes pasado y en la misma nota enviamos nuestra propuesta. Ellos est\u00e1n analizando c\u00f3mo acercarse a nuestra propuesta\u201d. De esta forma, se\u00f1al\u00f3 que<strong> \u201cel Ejecutivo en manos del Intendente tiene la soluci\u00f3n, que es pol\u00edtica\u201d.<\/strong><\/p>\n<p>&nbsp;<\/p>\n<p>Por \u00faltimo, dedic\u00f3 unos minutos para invitar \u201ca toda la comunidad\u201d al abrazo simb\u00f3lico que se realizar\u00e1 este mi\u00e9rcoles. <strong>\u201cEn pandemia te aplaud\u00eda todo el mundo y ahora somos los villanos. La gente no entiende que lo estamos haciendo para mejorar el servicio para ellos tambi\u00e9n\u201d<\/strong>, concluy\u00f3.<\/p>\n","protected":false},"excerpt":{"rendered":"<p>El referente del Sindicato de Trabajadores Municipales de Olavarr\u00eda invit\u00f3 a la comunidad a sumarse al abrazo simb\u00f3lico al Hospital<\/p>\n","protected":false},"author":5,"featured_media":4168,"comment_status":"closed","ping_status":"closed","sticky":false,"template":"","format":"standard","meta":{"_jetpack_memberships_contains_paid_content":false,"footnotes":""},"categories":[5,1],"tags":[],"class_list":["post-57330","post","type-post","status-publish","format-standard","has-post-thumbnail","hentry","category-informacion-general","category-portada"],"jetpack_featured_media_url":"https:\/\/i0.wp.com\/cdnoticias.com\/wp-content\/uploads\/2020\/10\/WhatsApp-Image-2020-10-17-at-11.47.53.jpeg?fit=1280%2C855&ssl=1","jetpack_sharing_enabled":true,"_links":{"self":[{"href":"https:\/\/cdnoticias.com\/index.php\/wp-json\/wp\/v2\/posts\/57330","targetHints":{"allow":["GET"]}}],"collection":[{"href":"https:\/\/cdnoticias.com\/index.php\/wp-json\/wp\/v2\/posts"}],"about":[{"href":"https:\/\/cdnoticias.com\/index.php\/wp-json\/wp\/v2\/types\/post"}],"author":[{"embeddable":true,"href":"https:\/\/cdnoticias.com\/index.php\/wp-json\/wp\/v2\/users\/5"}],"replies":[{"embeddable":true,"href":"https:\/\/cdnoticias.com\/index.php\/wp-json\/wp\/v2\/comments?post=57330"}],"version-history":[{"count":0,"href":"https:\/\/cdnoticias.com\/index.php\/wp-json\/wp\/v2\/posts\/57330\/revisions"}],"wp:featuredmedia":[{"embeddable":true,"href":"https:\/\/cdnoticias.com\/index.php\/wp-json\/wp\/v2\/media\/4168"}],"wp:attachment":[{"href":"https:\/\/cdnoticias.com\/index.php\/wp-json\/wp\/v2\/media?parent=57330"}],"wp:term":[{"taxonomy":"category","embeddable":true,"href":"https:\/\/cdnoticias.com\/index.php\/wp-json\/wp\/v2\/categories?post=57330"},{"taxonomy":"post_tag","embeddable":true,"href":"https:\/\/cdnoticias.com\/index.php\/wp-json\/wp\/v2\/tags?post=57330"}],"curies":[{"name":"wp","href":"https:\/\/api.w.org\/{rel}","templated":true}]}}