{"id":57278,"date":"2022-06-13T17:24:03","date_gmt":"2022-06-13T20:24:03","guid":{"rendered":"https:\/\/www.centraldenoticias.com.ar\/?p=57278"},"modified":"2022-06-13T20:39:46","modified_gmt":"2022-06-13T23:39:46","slug":"con-gusto-a-chicana-el-municipio-dara-una-capacitacion-sobre-rafam","status":"publish","type":"post","link":"https:\/\/cdnoticias.com\/index.php\/2022\/06\/13\/con-gusto-a-chicana-el-municipio-dara-una-capacitacion-sobre-rafam\/","title":{"rendered":"Con gusto a \u201cchicana\u201d el Municipio dar\u00e1 una capacitaci\u00f3n sobre RAFAM"},"content":{"rendered":"<p>Ser\u00e1 exclusivamente dedicada a personal municipal y trabajadores. Surge, adem\u00e1s, tras denuncias de legisladores en el HCD. <!--more--><\/p>\n<hr \/>\n<p>El Gobierno Municipal inform\u00f3 que<strong> el pr\u00f3ximo martes 21 de junio llevar\u00e1n adelante un curso b\u00e1sico de procedimiento de contrataci\u00f3n municipal y RAFAM.<\/strong> Ser\u00e1 a las 8.30 horas en el sal\u00f3n Blanco del palacio San Mart\u00edn.<\/p>\n<p>&nbsp;<\/p>\n<p>Ser\u00e1 destinado exclusivamente para<strong> personal municipal y concejales de todos los bloques pol\u00edticos<\/strong> que integran el cuerpo legislativo.<\/p>\n<p>&nbsp;<\/p>\n<p><img data-recalc-dims=\"1\" loading=\"lazy\" decoding=\"async\" class=\"alignnone size-full wp-image-57281\" src=\"https:\/\/i0.wp.com\/cdnoticias.com\/wp-content\/uploads\/2022\/06\/curso-rafam.jpg?resize=800%2C800&#038;ssl=1\" alt=\"\" width=\"800\" height=\"800\" srcset=\"https:\/\/i0.wp.com\/cdnoticias.com\/wp-content\/uploads\/2022\/06\/curso-rafam.jpg?w=1024&amp;ssl=1 1024w, https:\/\/i0.wp.com\/cdnoticias.com\/wp-content\/uploads\/2022\/06\/curso-rafam.jpg?resize=300%2C300&amp;ssl=1 300w, https:\/\/i0.wp.com\/cdnoticias.com\/wp-content\/uploads\/2022\/06\/curso-rafam.jpg?resize=150%2C150&amp;ssl=1 150w, https:\/\/i0.wp.com\/cdnoticias.com\/wp-content\/uploads\/2022\/06\/curso-rafam.jpg?resize=768%2C768&amp;ssl=1 768w\" sizes=\"auto, (max-width: 800px) 100vw, 800px\" \/><\/p>\n<p>&nbsp;<\/p>\n<p><strong>Llega con gusto a \u201cchicana\u201d tras varias denuncias en el Concejo Deliberante por al menos dos irregularidades con proveedores.<\/strong> La \u00faltima, dirigida hacia el ex funcionario Gabriel Requena, fue desmentida por \u00e9l mismo en la ma\u00f1ana de este lunes en di\u00e1logo con la periodista Claudia Bilbao, cuando se\u00f1al\u00f3 que no cobrar\u00e1, como proveedor, los montos que la concejal Celeste Arouxet hab\u00eda denunciado.<\/p>\n<p>&nbsp;<\/p>\n<blockquote><p>La capacitaci\u00f3n ser\u00e1 de una sola clase presencial y los temas a abordar ser\u00e1n: contrataciones, RAFAM y tipos de compras.<\/p><\/blockquote>\n<p>&nbsp;<\/p>\n<p>Los cupos son limitados y <strong>la inscripci\u00f3n es hasta el jueves 16 de junio a trav\u00e9s del correo electr\u00f3nico personal@olavarria.gov.ar.<\/strong><\/p>\n","protected":false},"excerpt":{"rendered":"<p>Ser\u00e1 exclusivamente dedicada a personal municipal y trabajadores. Surge, adem\u00e1s, tras denuncias de legisladores en el HCD.<\/p>\n","protected":false},"author":2,"featured_media":50371,"comment_status":"closed","ping_status":"closed","sticky":false,"template":"","format":"standard","meta":{"_jetpack_memberships_contains_paid_content":false,"footnotes":""},"categories":[5,1],"tags":[],"class_list":["post-57278","post","type-post","status-publish","format-standard","has-post-thumbnail","hentry","category-informacion-general","category-portada"],"jetpack_featured_media_url":"https:\/\/i0.wp.com\/cdnoticias.com\/wp-content\/uploads\/2022\/03\/Palacio-Municipal-San-Martin-drone-Olavarria-Municipalidad-centro-comercio.jpg?fit=800%2C445&ssl=1","jetpack_sharing_enabled":true,"_links":{"self":[{"href":"https:\/\/cdnoticias.com\/index.php\/wp-json\/wp\/v2\/posts\/57278","targetHints":{"allow":["GET"]}}],"collection":[{"href":"https:\/\/cdnoticias.com\/index.php\/wp-json\/wp\/v2\/posts"}],"about":[{"href":"https:\/\/cdnoticias.com\/index.php\/wp-json\/wp\/v2\/types\/post"}],"author":[{"embeddable":true,"href":"https:\/\/cdnoticias.com\/index.php\/wp-json\/wp\/v2\/users\/2"}],"replies":[{"embeddable":true,"href":"https:\/\/cdnoticias.com\/index.php\/wp-json\/wp\/v2\/comments?post=57278"}],"version-history":[{"count":0,"href":"https:\/\/cdnoticias.com\/index.php\/wp-json\/wp\/v2\/posts\/57278\/revisions"}],"wp:featuredmedia":[{"embeddable":true,"href":"https:\/\/cdnoticias.com\/index.php\/wp-json\/wp\/v2\/media\/50371"}],"wp:attachment":[{"href":"https:\/\/cdnoticias.com\/index.php\/wp-json\/wp\/v2\/media?parent=57278"}],"wp:term":[{"taxonomy":"category","embeddable":true,"href":"https:\/\/cdnoticias.com\/index.php\/wp-json\/wp\/v2\/categories?post=57278"},{"taxonomy":"post_tag","embeddable":true,"href":"https:\/\/cdnoticias.com\/index.php\/wp-json\/wp\/v2\/tags?post=57278"}],"curies":[{"name":"wp","href":"https:\/\/api.w.org\/{rel}","templated":true}]}}