{"id":5726,"date":"2020-11-05T15:39:41","date_gmt":"2020-11-05T18:39:41","guid":{"rendered":"http:\/\/www.centraldenoticias.com.ar\/?p=5726"},"modified":"2020-11-05T18:13:42","modified_gmt":"2020-11-05T21:13:42","slug":"busqueda-de-jonatan-reunion-del-comite-de-crisis-y-nuevos-rastrillajes","status":"publish","type":"post","link":"https:\/\/cdnoticias.com\/index.php\/2020\/11\/05\/busqueda-de-jonatan-reunion-del-comite-de-crisis-y-nuevos-rastrillajes\/","title":{"rendered":"B\u00fasqueda de Jonatan: reuni\u00f3n del Comit\u00e9 de Crisis y nuevos rastrillajes"},"content":{"rendered":"<p>&nbsp;<\/p>\n<p>El encuentro de las autoridades se concret\u00f3 durante la ma\u00f1ana de este jueves. Se delinearon acciones de b\u00fasqueda que se llevan a cabo durante esta tarde. Recorren &#8220;La Providencia&#8221; y distintos caminos vecinales y canteras del sector.<!--more--><\/p>\n<hr \/>\n<p>Este jueves por la ma\u00f1ana <strong>se reuni\u00f3 el Comit\u00e9 de Crisis<\/strong> con la presencia de los titulares de las distintas dependencias policiales bajo la \u00f3rbita del comisario Roberto Landoni, Polic\u00eda Cient\u00edfica y Jefe de la SubDDI.<\/p>\n<p>&nbsp;<\/p>\n<p>Tambi\u00e9n participaron del encuentro, la Dra. Paula Serrano a cargo de la investigaci\u00f3n y la Instructora Judicial Ludmila De Le\u00f3n. Adem\u00e1s, estuvieron presentes el director del Centro de Monitoreo Daniel Manuel y el titular de Defensa Civil Adrian Guevara.<\/p>\n<p>&nbsp;<\/p>\n<p><img data-recalc-dims=\"1\" loading=\"lazy\" decoding=\"async\" class=\"alignnone size-large wp-image-5673\" src=\"https:\/\/i0.wp.com\/cdnoticias.com\/wp-content\/uploads\/2020\/11\/busquedamiercoles14.jpg?resize=800%2C600&#038;ssl=1\" alt=\"\" width=\"800\" height=\"600\" srcset=\"https:\/\/i0.wp.com\/cdnoticias.com\/wp-content\/uploads\/2020\/11\/busquedamiercoles14.jpg?resize=1024%2C768&amp;ssl=1 1024w, https:\/\/i0.wp.com\/cdnoticias.com\/wp-content\/uploads\/2020\/11\/busquedamiercoles14.jpg?resize=300%2C225&amp;ssl=1 300w, https:\/\/i0.wp.com\/cdnoticias.com\/wp-content\/uploads\/2020\/11\/busquedamiercoles14.jpg?resize=768%2C576&amp;ssl=1 768w, https:\/\/i0.wp.com\/cdnoticias.com\/wp-content\/uploads\/2020\/11\/busquedamiercoles14.jpg?w=1280&amp;ssl=1 1280w\" sizes=\"auto, (max-width: 800px) 100vw, 800px\" \/><\/p>\n<p>&nbsp;<\/p>\n<p>El objetivo fue <strong>analizar la informaci\u00f3n que hay hasta el momento<\/strong> referida a la<a href=\"https:\/\/cdnoticias.com\/index.php\/2020\/11\/02\/buscan-desesperadamente-a-un-joven-de-20-anos-en-olavarria\/\" target=\"_blank\" rel=\"noopener\"> b\u00fasqueda de Jonatan David Torres<\/a>, el joven desaparecido desde la tarde del domingo. Por otra parte,<strong> se definieron distintas acciones<\/strong> que se concretar\u00e1n en las pr\u00f3ximas horas.<\/p>\n<p>&nbsp;<\/p>\n<p>Seg\u00fan pudo saber Central de Noticias, durante la tarde de este jueves <strong>los rastrillajes se centrar\u00e1n en la zona de la cantera de \u201cLa Providencia\u201d y en distintos caminos vecinales y canteras del sector.<\/strong><\/p>\n<p>&nbsp;<\/p>\n<blockquote><p>Participan efectivos policiales de distintas dependencias, Bomberos Voluntarios, Defensa Civil y canes.<\/p><\/blockquote>\n<p>&nbsp;<\/p>\n<p><img data-recalc-dims=\"1\" loading=\"lazy\" decoding=\"async\" class=\"alignnone size-large wp-image-5665\" src=\"https:\/\/i0.wp.com\/cdnoticias.com\/wp-content\/uploads\/2020\/11\/busquedamiercoles6.jpg?resize=800%2C600&#038;ssl=1\" alt=\"\" width=\"800\" height=\"600\" srcset=\"https:\/\/i0.wp.com\/cdnoticias.com\/wp-content\/uploads\/2020\/11\/busquedamiercoles6.jpg?resize=1024%2C768&amp;ssl=1 1024w, https:\/\/i0.wp.com\/cdnoticias.com\/wp-content\/uploads\/2020\/11\/busquedamiercoles6.jpg?resize=300%2C225&amp;ssl=1 300w, https:\/\/i0.wp.com\/cdnoticias.com\/wp-content\/uploads\/2020\/11\/busquedamiercoles6.jpg?resize=768%2C576&amp;ssl=1 768w, https:\/\/i0.wp.com\/cdnoticias.com\/wp-content\/uploads\/2020\/11\/busquedamiercoles6.jpg?w=1280&amp;ssl=1 1280w\" sizes=\"auto, (max-width: 800px) 100vw, 800px\" \/><\/p>\n<p>&nbsp;<\/p>\n<p>Recordemos que <a href=\"https:\/\/cdnoticias.com\/index.php\/2020\/11\/04\/busqueda-de-jonatan-concluye-otro-dia-sin-nuevos-datos\/\" target=\"_blank\" rel=\"noopener\">el mi\u00e9rcoles las tareas estuvieron centradas en el predio de las f\u00e1bricas L\u00b4amal\u00ed y L\u00b4amali II<\/a>, tanto en el interior de las firmas, donde se avanz\u00f3 en horas de la ma\u00f1ana, como en propiedades aleda\u00f1as y canteras, que fueron objetos de las tareas de b\u00fasqueda realizadas durante la tarde.<\/p>\n<p>&nbsp;<\/p>\n<p>&nbsp;<\/p>\n","protected":false},"excerpt":{"rendered":"<p>&nbsp; El encuentro de las autoridades se concret\u00f3 durante la ma\u00f1ana de este jueves. Se delinearon acciones de b\u00fasqueda que<\/p>\n","protected":false},"author":5,"featured_media":5727,"comment_status":"closed","ping_status":"closed","sticky":false,"template":"","format":"standard","meta":{"_jetpack_memberships_contains_paid_content":false,"footnotes":""},"categories":[5],"tags":[],"class_list":["post-5726","post","type-post","status-publish","format-standard","has-post-thumbnail","hentry","category-informacion-general"],"jetpack_featured_media_url":"https:\/\/i0.wp.com\/cdnoticias.com\/wp-content\/uploads\/2020\/11\/WhatsApp-Image-2020-11-05-at-15.06.22.jpeg?fit=1032%2C581&ssl=1","jetpack_sharing_enabled":true,"_links":{"self":[{"href":"https:\/\/cdnoticias.com\/index.php\/wp-json\/wp\/v2\/posts\/5726","targetHints":{"allow":["GET"]}}],"collection":[{"href":"https:\/\/cdnoticias.com\/index.php\/wp-json\/wp\/v2\/posts"}],"about":[{"href":"https:\/\/cdnoticias.com\/index.php\/wp-json\/wp\/v2\/types\/post"}],"author":[{"embeddable":true,"href":"https:\/\/cdnoticias.com\/index.php\/wp-json\/wp\/v2\/users\/5"}],"replies":[{"embeddable":true,"href":"https:\/\/cdnoticias.com\/index.php\/wp-json\/wp\/v2\/comments?post=5726"}],"version-history":[{"count":0,"href":"https:\/\/cdnoticias.com\/index.php\/wp-json\/wp\/v2\/posts\/5726\/revisions"}],"wp:featuredmedia":[{"embeddable":true,"href":"https:\/\/cdnoticias.com\/index.php\/wp-json\/wp\/v2\/media\/5727"}],"wp:attachment":[{"href":"https:\/\/cdnoticias.com\/index.php\/wp-json\/wp\/v2\/media?parent=5726"}],"wp:term":[{"taxonomy":"category","embeddable":true,"href":"https:\/\/cdnoticias.com\/index.php\/wp-json\/wp\/v2\/categories?post=5726"},{"taxonomy":"post_tag","embeddable":true,"href":"https:\/\/cdnoticias.com\/index.php\/wp-json\/wp\/v2\/tags?post=5726"}],"curies":[{"name":"wp","href":"https:\/\/api.w.org\/{rel}","templated":true}]}}