{"id":57237,"date":"2022-06-13T12:26:06","date_gmt":"2022-06-13T15:26:06","guid":{"rendered":"https:\/\/www.centraldenoticias.com.ar\/?p=57237"},"modified":"2022-06-13T14:31:27","modified_gmt":"2022-06-13T17:31:27","slug":"un-convenio-con-desarrollo-social-de-la-nacion-habilitara-114-lotes-con-servicios-en-olavarria","status":"publish","type":"post","link":"https:\/\/cdnoticias.com\/index.php\/2022\/06\/13\/un-convenio-con-desarrollo-social-de-la-nacion-habilitara-114-lotes-con-servicios-en-olavarria\/","title":{"rendered":"Un convenio con Desarrollo Social de la Naci\u00f3n habilitar\u00e1 114 lotes con servicios en Olavarr\u00eda"},"content":{"rendered":"<p>Ezequiel Galli firmar\u00e1 un convenio en la cartera nacional para realizar mejoras que permitan la construcci\u00f3n de viviendas. Los lotes se ubican entre avenida M\u00e1rquez, Sargento Cabral, Vicente Bah\u00eda y Dorrego.<!--more--><\/p>\n<hr \/>\n<p><strong>\u201cPor gestiones realizadas por el intendente municipal Ezequiel Galli ante el Ministerio de Desarrollo Social de la Naci\u00f3n, Olavarr\u00eda contar\u00e1 con 114 nuevos lotes con servicios\u201d<\/strong> se inform\u00f3 desde la Municipalidad este lunes.<\/p>\n<p>&nbsp;<\/p>\n<p>Se adelant\u00f3 que <strong>el mi\u00e9rcoles el jefe comunal firmar\u00e1 un convenio en la sede del Ministerio de Desarrollo Social<\/strong> en el marco del Fondo para la Integraci\u00f3n Socio Urbana (FISU).<\/p>\n<p>&nbsp;<\/p>\n<blockquote><p>En este sentido, el propio Galli inform\u00f3 que la realizaci\u00f3n del proyecto contempla la apertura de calles, red vehicular y pluvial, red de agua, red de electricidad, alumbrado p\u00fablico, red de gas, arbolado y red peatonal, entre otros.<\/p><\/blockquote>\n<p>&nbsp;<\/p>\n<p>Seg\u00fan informaron desde la Secretar\u00eda de Mantenimiento y Obras P\u00fablicas, estos nuevos 114 lotes de dominio municipal est\u00e1n situados la <strong>Chacra 398, ubicada entre Avenida M\u00e1rquez, Sargento Cabral, Vicente Bah\u00eda y la calle Dorrego.<\/strong><\/p>\n<p>&nbsp;<\/p>\n<figure id=\"attachment_57243\" aria-describedby=\"caption-attachment-57243\" style=\"width: 800px\" class=\"wp-caption aligncenter\"><img data-recalc-dims=\"1\" loading=\"lazy\" decoding=\"async\" class=\"wp-image-57243 size-large\" src=\"https:\/\/i0.wp.com\/cdnoticias.com\/wp-content\/uploads\/2022\/06\/chacra-398.png?resize=800%2C445&#038;ssl=1\" alt=\"\" width=\"800\" height=\"445\" srcset=\"https:\/\/i0.wp.com\/cdnoticias.com\/wp-content\/uploads\/2022\/06\/chacra-398.png?resize=1024%2C569&amp;ssl=1 1024w, https:\/\/i0.wp.com\/cdnoticias.com\/wp-content\/uploads\/2022\/06\/chacra-398.png?resize=300%2C167&amp;ssl=1 300w, https:\/\/i0.wp.com\/cdnoticias.com\/wp-content\/uploads\/2022\/06\/chacra-398.png?resize=768%2C427&amp;ssl=1 768w, https:\/\/i0.wp.com\/cdnoticias.com\/wp-content\/uploads\/2022\/06\/chacra-398.png?resize=800%2C445&amp;ssl=1 800w, https:\/\/i0.wp.com\/cdnoticias.com\/wp-content\/uploads\/2022\/06\/chacra-398.png?w=1448&amp;ssl=1 1448w\" sizes=\"auto, (max-width: 800px) 100vw, 800px\" \/><figcaption id=\"caption-attachment-57243\" class=\"wp-caption-text\">La zona donde se ubican los lotes que tendr\u00e1n las mejoras.<\/figcaption><\/figure>\n<p>&nbsp;<\/p>\n<p><strong>\u201cSabemos que la demanda habitacional en Olavarr\u00eda, como en el resto del pa\u00eds, es muy grande.<\/strong> Los datos que tenemos del registro de demanda habitacional resultan muy importantes al momento de seguir trabajando para acercar soluciones a los vecinos\u201d, dijo Galli.<\/p>\n<p>&nbsp;<\/p>\n<p>\u201cEstas gestiones que realizamos ente el Ministerio son <strong>complementarias al Plan de Viviendas Municipal TUVI<\/strong> que ya se est\u00e1 desarrollando y pretendemos que contin\u00fae, m\u00e1s all\u00e1 de nuestra gesti\u00f3n\u201d, agreg\u00f3.<\/p>\n<p>&nbsp;<\/p>\n<blockquote><p>Adem\u00e1s, el intendente Ezequiel Galli expres\u00f3: \u201cdebemos pensar pol\u00edticas a largo plazo para que, progresivamente, podamos saldar la deuda en materia habitacional que la dirigencia pol\u00edtica tiene con la sociedad\u201d.<\/p><\/blockquote>\n<p>&nbsp;<\/p>\n<p>Finalmente, record\u00f3 que se encuentra a disposici\u00f3n la plataforma digital en la que cada vecino\/a puede generarse un usuario personal y <strong>cargar su demanda habitacional<\/strong>.\u00a0Dicha plataforma es una herramienta que posibilita<strong> contar con informaci\u00f3n actualizada de forma permanente<\/strong>, en relaci\u00f3n a las necesidades habitacionales.<\/p>\n","protected":false},"excerpt":{"rendered":"<p>Ezequiel Galli firmar\u00e1 un convenio en la cartera nacional para realizar mejoras que permitan la construcci\u00f3n de viviendas. Los lotes<\/p>\n","protected":false},"author":4,"featured_media":11383,"comment_status":"closed","ping_status":"closed","sticky":false,"template":"","format":"standard","meta":{"_jetpack_memberships_contains_paid_content":false,"footnotes":""},"categories":[5,1],"tags":[],"class_list":["post-57237","post","type-post","status-publish","format-standard","has-post-thumbnail","hentry","category-informacion-general","category-portada"],"jetpack_featured_media_url":"https:\/\/i0.wp.com\/cdnoticias.com\/wp-content\/uploads\/2021\/01\/Vista-Drone-Olavarr%C3%ADa-2.jpg?fit=1181%2C787&ssl=1","jetpack_sharing_enabled":true,"_links":{"self":[{"href":"https:\/\/cdnoticias.com\/index.php\/wp-json\/wp\/v2\/posts\/57237","targetHints":{"allow":["GET"]}}],"collection":[{"href":"https:\/\/cdnoticias.com\/index.php\/wp-json\/wp\/v2\/posts"}],"about":[{"href":"https:\/\/cdnoticias.com\/index.php\/wp-json\/wp\/v2\/types\/post"}],"author":[{"embeddable":true,"href":"https:\/\/cdnoticias.com\/index.php\/wp-json\/wp\/v2\/users\/4"}],"replies":[{"embeddable":true,"href":"https:\/\/cdnoticias.com\/index.php\/wp-json\/wp\/v2\/comments?post=57237"}],"version-history":[{"count":0,"href":"https:\/\/cdnoticias.com\/index.php\/wp-json\/wp\/v2\/posts\/57237\/revisions"}],"wp:featuredmedia":[{"embeddable":true,"href":"https:\/\/cdnoticias.com\/index.php\/wp-json\/wp\/v2\/media\/11383"}],"wp:attachment":[{"href":"https:\/\/cdnoticias.com\/index.php\/wp-json\/wp\/v2\/media?parent=57237"}],"wp:term":[{"taxonomy":"category","embeddable":true,"href":"https:\/\/cdnoticias.com\/index.php\/wp-json\/wp\/v2\/categories?post=57237"},{"taxonomy":"post_tag","embeddable":true,"href":"https:\/\/cdnoticias.com\/index.php\/wp-json\/wp\/v2\/tags?post=57237"}],"curies":[{"name":"wp","href":"https:\/\/api.w.org\/{rel}","templated":true}]}}