{"id":57230,"date":"2022-06-13T16:57:36","date_gmt":"2022-06-13T19:57:36","guid":{"rendered":"https:\/\/www.centraldenoticias.com.ar\/?p=57230"},"modified":"2022-06-13T16:57:36","modified_gmt":"2022-06-13T19:57:36","slug":"ampliacion-de-la-escuela-tecnica-no-1-el-intendente-recorrio-la-obra","status":"publish","type":"post","link":"https:\/\/cdnoticias.com\/index.php\/2022\/06\/13\/ampliacion-de-la-escuela-tecnica-no-1-el-intendente-recorrio-la-obra\/","title":{"rendered":"Ampliaci\u00f3n de la Escuela T\u00e9cnica N\u00ba 1: el Intendente recorri\u00f3 la obra"},"content":{"rendered":"<p>Se construir\u00e1 una cocina y comedor con dep\u00f3sito. Adem\u00e1s, sumar\u00e1n una galer\u00eda y refaccionar\u00e1n los ba\u00f1os.<!--more--><\/p>\n<hr \/>\n<p>En la ma\u00f1ana de este lunes, el intendente Ezequiel Galli visit\u00f3 la sede de la Escuela de Educaci\u00f3n Secundaria T\u00e9cnica N\u00ba 1 -que funciona en barrio CECO- donde <strong>se inici\u00f3 la obra de reforma y ampliaci\u00f3n del establecimiento educativo.<\/strong><\/p>\n<p>&nbsp;<\/p>\n<p>Durante la recorrida, el intendente Ezequiel Galli estuvo acompa\u00f1ado por el secretario de Mantenimiento y Obras P\u00fablicas, y fue recibido por personal del establecimiento.<\/p>\n<p>&nbsp;<\/p>\n<p>La obra comprende la <strong>construcci\u00f3n de una cocina y comedor con dep\u00f3sito (105 m2) y la incorporaci\u00f3n de una galer\u00eda (150 m2)<\/strong> que permita articular dichos espacios para una mejor circulaci\u00f3n.<\/p>\n<p>&nbsp;<\/p>\n<p>Desde la instituci\u00f3n educativa aclararon que actualmente la cocina y el comedor funcionan en una de las aulas, anulando su funci\u00f3n como taller, por lo que resulta indispensable ejecutar esta ampliaci\u00f3n para mejorar las instalaciones.<\/p>\n<p>&nbsp;<\/p>\n<p><img data-recalc-dims=\"1\" loading=\"lazy\" decoding=\"async\" class=\"alignnone size-large wp-image-57231\" src=\"https:\/\/i0.wp.com\/cdnoticias.com\/wp-content\/uploads\/2022\/06\/Obras-Ampliacion-EET-N%C2%B0-1-1024x569.jpg?resize=800%2C445&#038;ssl=1\" alt=\"\" width=\"800\" height=\"445\" srcset=\"https:\/\/i0.wp.com\/cdnoticias.com\/wp-content\/uploads\/2022\/06\/Obras-Ampliacion-EET-N%C2%B0-1.jpg?resize=1024%2C569&amp;ssl=1 1024w, https:\/\/i0.wp.com\/cdnoticias.com\/wp-content\/uploads\/2022\/06\/Obras-Ampliacion-EET-N%C2%B0-1.jpg?resize=300%2C167&amp;ssl=1 300w, https:\/\/i0.wp.com\/cdnoticias.com\/wp-content\/uploads\/2022\/06\/Obras-Ampliacion-EET-N%C2%B0-1.jpg?resize=768%2C427&amp;ssl=1 768w, https:\/\/i0.wp.com\/cdnoticias.com\/wp-content\/uploads\/2022\/06\/Obras-Ampliacion-EET-N%C2%B0-1.jpg?resize=1536%2C854&amp;ssl=1 1536w, https:\/\/i0.wp.com\/cdnoticias.com\/wp-content\/uploads\/2022\/06\/Obras-Ampliacion-EET-N%C2%B0-1.jpg?resize=800%2C445&amp;ssl=1 800w, https:\/\/i0.wp.com\/cdnoticias.com\/wp-content\/uploads\/2022\/06\/Obras-Ampliacion-EET-N%C2%B0-1.jpg?w=1772&amp;ssl=1 1772w, https:\/\/i0.wp.com\/cdnoticias.com\/wp-content\/uploads\/2022\/06\/Obras-Ampliacion-EET-N%C2%B0-1.jpg?w=1600&amp;ssl=1 1600w\" sizes=\"auto, (max-width: 800px) 100vw, 800px\" \/><\/p>\n<p>&nbsp;<\/p>\n<p>Realizar\u00e1n adem\u00e1s una importante <strong>refacci\u00f3n en el sector de ba\u00f1os<\/strong> con una superficie de 30 m2 y la <strong>inclusi\u00f3n de un ba\u00f1o para personas con movilidad reducida<\/strong> de 8,50 m2.<\/p>\n<p>&nbsp;<\/p>\n<p>La obra fue <strong>licitada en el mes de febrero de 2022 y ser\u00e1 financiada con recursos provenientes del Fondo Educativo<\/strong>, en el marco del Plan de Infraestructura Educativa que impulsa la gesti\u00f3n del intendente Ezequiel Galli.<\/p>\n<p>&nbsp;<\/p>\n<p>La inversi\u00f3n para la ampliaci\u00f3n y reforma de la Escuela de Educaci\u00f3n T\u00e9cnica N\u00ba 1 es de <strong>$25.850.000.<\/strong><\/p>\n","protected":false},"excerpt":{"rendered":"<p>Se construir\u00e1 una cocina y comedor con dep\u00f3sito. Adem\u00e1s, sumar\u00e1n una galer\u00eda y refaccionar\u00e1n los ba\u00f1os.<\/p>\n","protected":false},"author":2,"featured_media":57232,"comment_status":"closed","ping_status":"closed","sticky":false,"template":"","format":"standard","meta":{"_jetpack_memberships_contains_paid_content":false,"footnotes":""},"categories":[5,1],"tags":[],"class_list":["post-57230","post","type-post","status-publish","format-standard","has-post-thumbnail","hentry","category-informacion-general","category-portada"],"jetpack_featured_media_url":"https:\/\/i0.wp.com\/cdnoticias.com\/wp-content\/uploads\/2022\/06\/Obras-Ampliacion-EET-N%C2%B0-2-scaled-1.jpg?fit=2560%2C1424&ssl=1","jetpack_sharing_enabled":true,"_links":{"self":[{"href":"https:\/\/cdnoticias.com\/index.php\/wp-json\/wp\/v2\/posts\/57230","targetHints":{"allow":["GET"]}}],"collection":[{"href":"https:\/\/cdnoticias.com\/index.php\/wp-json\/wp\/v2\/posts"}],"about":[{"href":"https:\/\/cdnoticias.com\/index.php\/wp-json\/wp\/v2\/types\/post"}],"author":[{"embeddable":true,"href":"https:\/\/cdnoticias.com\/index.php\/wp-json\/wp\/v2\/users\/2"}],"replies":[{"embeddable":true,"href":"https:\/\/cdnoticias.com\/index.php\/wp-json\/wp\/v2\/comments?post=57230"}],"version-history":[{"count":0,"href":"https:\/\/cdnoticias.com\/index.php\/wp-json\/wp\/v2\/posts\/57230\/revisions"}],"wp:featuredmedia":[{"embeddable":true,"href":"https:\/\/cdnoticias.com\/index.php\/wp-json\/wp\/v2\/media\/57232"}],"wp:attachment":[{"href":"https:\/\/cdnoticias.com\/index.php\/wp-json\/wp\/v2\/media?parent=57230"}],"wp:term":[{"taxonomy":"category","embeddable":true,"href":"https:\/\/cdnoticias.com\/index.php\/wp-json\/wp\/v2\/categories?post=57230"},{"taxonomy":"post_tag","embeddable":true,"href":"https:\/\/cdnoticias.com\/index.php\/wp-json\/wp\/v2\/tags?post=57230"}],"curies":[{"name":"wp","href":"https:\/\/api.w.org\/{rel}","templated":true}]}}