{"id":5722,"date":"2020-11-05T15:15:08","date_gmt":"2020-11-05T18:15:08","guid":{"rendered":"http:\/\/www.centraldenoticias.com.ar\/?p=5722"},"modified":"2020-11-05T15:15:08","modified_gmt":"2020-11-05T18:15:08","slug":"juana-elvira-ponce-arias-viuda-de-reyes-q-e-p-d","status":"publish","type":"post","link":"https:\/\/cdnoticias.com\/index.php\/2020\/11\/05\/juana-elvira-ponce-arias-viuda-de-reyes-q-e-p-d\/","title":{"rendered":"Juana Elvira Ponce Arias viuda de Reyes (Q.E.P.D.)"},"content":{"rendered":"<p>Falleci\u00f3 en Olavarr\u00eda a los 93 a\u00f1os. Sus hijos: D\u00e9bora, Carlos y Pablo; sus nietos: Jimena, Constanza, Mat\u00edas, Bel\u00e9n, Victoria y Julieta; sus bisnietos: Camila, Diana, Facundo y dem\u00e1s deudos participan su fallecimiento.<\/p>\n<p>&nbsp;<\/p>\n<p>Sus restos ser\u00e1n inhumados en el cementerio Loma de Paz este viernes a las 10:30. Vecina de barrio Los Abuelos. Nacida en Huanguel\u00e9n. Jubilada y Pensionada. Pastora Misionera de la Iglesia de la Alianza Cristiana y Misionera.<\/p>\n","protected":false},"excerpt":{"rendered":"<p>Falleci\u00f3 en Olavarr\u00eda a los 93 a\u00f1os. Sus hijos: D\u00e9bora, Carlos y Pablo; sus nietos: Jimena, Constanza, Mat\u00edas, Bel\u00e9n, Victoria<\/p>\n","protected":false},"author":5,"featured_media":0,"comment_status":"closed","ping_status":"closed","sticky":false,"template":"","format":"standard","meta":{"_jetpack_memberships_contains_paid_content":false,"footnotes":""},"categories":[10],"tags":[],"class_list":["post-5722","post","type-post","status-publish","format-standard","hentry","category-necrologicas"],"jetpack_featured_media_url":"","jetpack_sharing_enabled":true,"_links":{"self":[{"href":"https:\/\/cdnoticias.com\/index.php\/wp-json\/wp\/v2\/posts\/5722","targetHints":{"allow":["GET"]}}],"collection":[{"href":"https:\/\/cdnoticias.com\/index.php\/wp-json\/wp\/v2\/posts"}],"about":[{"href":"https:\/\/cdnoticias.com\/index.php\/wp-json\/wp\/v2\/types\/post"}],"author":[{"embeddable":true,"href":"https:\/\/cdnoticias.com\/index.php\/wp-json\/wp\/v2\/users\/5"}],"replies":[{"embeddable":true,"href":"https:\/\/cdnoticias.com\/index.php\/wp-json\/wp\/v2\/comments?post=5722"}],"version-history":[{"count":0,"href":"https:\/\/cdnoticias.com\/index.php\/wp-json\/wp\/v2\/posts\/5722\/revisions"}],"wp:attachment":[{"href":"https:\/\/cdnoticias.com\/index.php\/wp-json\/wp\/v2\/media?parent=5722"}],"wp:term":[{"taxonomy":"category","embeddable":true,"href":"https:\/\/cdnoticias.com\/index.php\/wp-json\/wp\/v2\/categories?post=5722"},{"taxonomy":"post_tag","embeddable":true,"href":"https:\/\/cdnoticias.com\/index.php\/wp-json\/wp\/v2\/tags?post=5722"}],"curies":[{"name":"wp","href":"https:\/\/api.w.org\/{rel}","templated":true}]}}