{"id":57192,"date":"2022-06-13T08:04:45","date_gmt":"2022-06-13T11:04:45","guid":{"rendered":"https:\/\/www.centraldenoticias.com.ar\/?p=57192"},"modified":"2022-06-13T08:04:45","modified_gmt":"2022-06-13T11:04:45","slug":"marta-rosa-barbera-de-pron-martita-q-e-p-d","status":"publish","type":"post","link":"https:\/\/cdnoticias.com\/index.php\/2022\/06\/13\/marta-rosa-barbera-de-pron-martita-q-e-p-d\/","title":{"rendered":"Marta Rosa Barbera de Pron \u201cMartita\u201d (Q.E.P.D.)"},"content":{"rendered":"<p>Falleci\u00f3 en Olavarr\u00eda el 13 de junio de 2022 a los 77 a\u00f1os de edad. Su esposo Carlos Pron; su hija Peny Pron; su nieto Juan Diego Nasello Pron; sus nietos pol\u00edticos: Brisa Seronero, Martina y Pilar M\u00e1laga y Enzo Leguizam\u00f3n; su hermano Jos\u00e9 Carlos Barbera; su hermana pol\u00edtica Alicia Frontini; sus primas; sus sobrinos y dem\u00e1s deudos participan su fallecimiento.<\/p>\n<p>&nbsp;<\/p>\n<p>Sus restos son velados en sala &#8220;D&#8221; de Espa\u00f1a 2942 y ser\u00e1n inhumados en el cementerio Loma de Paz este lunes a las 13:30, previo responso en la capilla ardiente. Vecina de barrio UOCRA. Jubilada. Ex Propietaria del Kiosco de la Cl\u00ednica CEMEDA por m\u00e1s de 20 a\u00f1os.<\/p>\n","protected":false},"excerpt":{"rendered":"<p>Falleci\u00f3 en Olavarr\u00eda el 13 de junio de 2022 a los 77 a\u00f1os de edad. Su esposo Carlos Pron; su<\/p>\n","protected":false},"author":2,"featured_media":51544,"comment_status":"closed","ping_status":"closed","sticky":false,"template":"","format":"standard","meta":{"_jetpack_memberships_contains_paid_content":false,"footnotes":""},"categories":[10],"tags":[],"class_list":["post-57192","post","type-post","status-publish","format-standard","has-post-thumbnail","hentry","category-necrologicas"],"jetpack_featured_media_url":"https:\/\/i0.wp.com\/cdnoticias.com\/wp-content\/uploads\/2022\/04\/necrologicas-390-x-240.jpg?fit=390%2C240&ssl=1","jetpack_sharing_enabled":true,"_links":{"self":[{"href":"https:\/\/cdnoticias.com\/index.php\/wp-json\/wp\/v2\/posts\/57192","targetHints":{"allow":["GET"]}}],"collection":[{"href":"https:\/\/cdnoticias.com\/index.php\/wp-json\/wp\/v2\/posts"}],"about":[{"href":"https:\/\/cdnoticias.com\/index.php\/wp-json\/wp\/v2\/types\/post"}],"author":[{"embeddable":true,"href":"https:\/\/cdnoticias.com\/index.php\/wp-json\/wp\/v2\/users\/2"}],"replies":[{"embeddable":true,"href":"https:\/\/cdnoticias.com\/index.php\/wp-json\/wp\/v2\/comments?post=57192"}],"version-history":[{"count":0,"href":"https:\/\/cdnoticias.com\/index.php\/wp-json\/wp\/v2\/posts\/57192\/revisions"}],"wp:featuredmedia":[{"embeddable":true,"href":"https:\/\/cdnoticias.com\/index.php\/wp-json\/wp\/v2\/media\/51544"}],"wp:attachment":[{"href":"https:\/\/cdnoticias.com\/index.php\/wp-json\/wp\/v2\/media?parent=57192"}],"wp:term":[{"taxonomy":"category","embeddable":true,"href":"https:\/\/cdnoticias.com\/index.php\/wp-json\/wp\/v2\/categories?post=57192"},{"taxonomy":"post_tag","embeddable":true,"href":"https:\/\/cdnoticias.com\/index.php\/wp-json\/wp\/v2\/tags?post=57192"}],"curies":[{"name":"wp","href":"https:\/\/api.w.org\/{rel}","templated":true}]}}