{"id":57184,"date":"2022-06-12T18:50:55","date_gmt":"2022-06-12T21:50:55","guid":{"rendered":"https:\/\/www.centraldenoticias.com.ar\/?p=57184"},"modified":"2022-06-12T20:25:17","modified_gmt":"2022-06-12T23:25:17","slug":"agredieron-al-vicepresidente-de-el-fortin-en-el-marco-de-la-discusion-por-las-elecciones","status":"publish","type":"post","link":"https:\/\/cdnoticias.com\/index.php\/2022\/06\/12\/agredieron-al-vicepresidente-de-el-fortin-en-el-marco-de-la-discusion-por-las-elecciones\/","title":{"rendered":"Agredieron al vicepresidente de El Fort\u00edn en el marco de la discusi\u00f3n por las elecciones"},"content":{"rendered":"<p>Adelantaron que realizar\u00e1n la denuncia con \u201clas pruebas correspondientes\u201d. El hecho se produjo el domingo por la ma\u00f1ana, cuando finalizaba el tradicional baile de avenida Urquiza.<!--more--><\/p>\n<hr \/>\n<p>Este domingo por la ma\u00f1ana, en el marco de la finalizaci\u00f3n del tradicional baile del club El Fort\u00edn,<strong> agredieron al vicepresidente de la entidad en el marco de las discusiones por las prontas elecciones que tendr\u00e1 el club.<\/strong><\/p>\n<p>&nbsp;<\/p>\n<p>Se trata de Carlos P\u00e9rez, que fue <strong><em>\u201cagredido f\u00edsica, verbalmente y amenazado por un integrante de la lista opositora\u201d<\/em><\/strong> mientras que a la secretaria administrativa, Natalia Villegas, \u201cfue hostigada por la misma persona\u201d seg\u00fan se public\u00f3 en un comunicado emitido por la entidad deportiva.<\/p>\n<p>&nbsp;<\/p>\n<p>Bajo el t\u00edtulo <em>\u201c\u00a1Basta de violencia, por favor!\u201d<\/em> confirmaron que<em><strong> \u201cen las pr\u00f3ximas horas se realizar\u00e1n las denuncias y se aportar\u00e1n las pruebas correspondientes. Hay c\u00e1maras del lugar y testigos que demuestran el penoso y cobarde episodio\u201d.<\/strong><\/em><\/p>\n<p>&nbsp;<\/p>\n<p>En el comunicado tambi\u00e9n se denunci\u00f3 que<em> \u201cno es la primera vez que sucede algo as\u00ed. Ya hubo situaciones similares donde decidimos no hacerlas p\u00fablicas, pero entendemos que en esta oportunidad se pasaron todos los l\u00edmites\u201d.<\/em><\/p>\n<p>&nbsp;<\/p>\n<blockquote><p>\u201cNo hay justificaci\u00f3n posible ante estos hechos de violencia y, verdaderamente, estamos convencidos que este no es el camino ni la imagen que nuestra instituci\u00f3n debe brindar a la sociedad\u201d.<\/p><\/blockquote>\n<p>&nbsp;<\/p>\n<p>Apostaron a sostener el <em>\u201cdi\u00e1logo\u201d<\/em> como<em> \u201c\u00fanica instancia\u201d<\/em> y de persistir diferencias,<strong><em> \u201cque sean los socios los que definan el destino del Club, pero no podemos permitir que la violencia y el patoterismo se impongan\u201d.<\/em><\/strong><\/p>\n<p>&nbsp;<\/p>\n<p><em>\u201cPor favor, pedimos que se bajen los niveles de violencia, queremos definitivamente que se terminen las patoteadas y que se haga una campa\u00f1a limpia. Sin golpes, insultos, difamaciones ni mentiras\u201d<\/em> agregaron, y confirmaron que la Comisi\u00f3n Directiva<em> \u201cllevar\u00e1 adelante una reuni\u00f3n extraordinaria donde se resolver\u00e1n los pasos a seguir ante esta situaci\u00f3n y deseamos una pronta recuperaci\u00f3n para nuestro vicepresidente y secretaria. Saben que cuentan con nuestro apoyo\u201d.<\/em><\/p>\n","protected":false},"excerpt":{"rendered":"<p>Adelantaron que realizar\u00e1n la denuncia con \u201clas pruebas correspondientes\u201d. El hecho se produjo el domingo por la ma\u00f1ana, cuando finalizaba<\/p>\n","protected":false},"author":2,"featured_media":57185,"comment_status":"closed","ping_status":"closed","sticky":false,"template":"","format":"standard","meta":{"_jetpack_memberships_contains_paid_content":false,"footnotes":""},"categories":[5,1],"tags":[],"class_list":["post-57184","post","type-post","status-publish","format-standard","has-post-thumbnail","hentry","category-informacion-general","category-portada"],"jetpack_featured_media_url":"https:\/\/i0.wp.com\/cdnoticias.com\/wp-content\/uploads\/2022\/06\/el-fortin.jpg?fit=604%2C453&ssl=1","jetpack_sharing_enabled":true,"_links":{"self":[{"href":"https:\/\/cdnoticias.com\/index.php\/wp-json\/wp\/v2\/posts\/57184","targetHints":{"allow":["GET"]}}],"collection":[{"href":"https:\/\/cdnoticias.com\/index.php\/wp-json\/wp\/v2\/posts"}],"about":[{"href":"https:\/\/cdnoticias.com\/index.php\/wp-json\/wp\/v2\/types\/post"}],"author":[{"embeddable":true,"href":"https:\/\/cdnoticias.com\/index.php\/wp-json\/wp\/v2\/users\/2"}],"replies":[{"embeddable":true,"href":"https:\/\/cdnoticias.com\/index.php\/wp-json\/wp\/v2\/comments?post=57184"}],"version-history":[{"count":0,"href":"https:\/\/cdnoticias.com\/index.php\/wp-json\/wp\/v2\/posts\/57184\/revisions"}],"wp:featuredmedia":[{"embeddable":true,"href":"https:\/\/cdnoticias.com\/index.php\/wp-json\/wp\/v2\/media\/57185"}],"wp:attachment":[{"href":"https:\/\/cdnoticias.com\/index.php\/wp-json\/wp\/v2\/media?parent=57184"}],"wp:term":[{"taxonomy":"category","embeddable":true,"href":"https:\/\/cdnoticias.com\/index.php\/wp-json\/wp\/v2\/categories?post=57184"},{"taxonomy":"post_tag","embeddable":true,"href":"https:\/\/cdnoticias.com\/index.php\/wp-json\/wp\/v2\/tags?post=57184"}],"curies":[{"name":"wp","href":"https:\/\/api.w.org\/{rel}","templated":true}]}}