{"id":57180,"date":"2022-06-12T17:06:38","date_gmt":"2022-06-12T20:06:38","guid":{"rendered":"https:\/\/www.centraldenoticias.com.ar\/?p=57180"},"modified":"2022-06-12T18:51:06","modified_gmt":"2022-06-12T21:51:06","slug":"una-semana-de-peleas-que-marcaron-la-politica-olavarriense-para-mirar-con-lupa","status":"publish","type":"post","link":"https:\/\/cdnoticias.com\/index.php\/2022\/06\/12\/una-semana-de-peleas-que-marcaron-la-politica-olavarriense-para-mirar-con-lupa\/","title":{"rendered":"Una semana de peleas que marcaron la pol\u00edtica olavarriense: para mirar con lupa"},"content":{"rendered":"<p>El Concejo Deliberante como epicentro de los esc\u00e1ndalos pol\u00edticos: Fr\u00edas, Requena, el fomentismo y las bancas. La paritaria sin resolver y c\u00f3mo est\u00e1n los frentes puertas para adentro.<!--more--><\/p>\n<hr \/>\n<p><em>(Este es un resumen del newsletter Volver a las Fuentes, realizado por<strong>\u00a0Josefina Bargas y Alexis Grierson<\/strong>.\u00a0<a href=\"https:\/\/mailchi.mp\/1403117a0f3a\/muchas-peleas-para-mirar-con-lupa\" target=\"_blank\" rel=\"noopener\">La versi\u00f3n completa la pueden leer ac\u00e1<\/a>).\u00a0<\/em><\/p>\n<p>&nbsp;<\/p>\n<p><u><strong>Fr\u00edas, ahora con \u201ccesi\u00f3n de derechos y acciones\u201d<\/strong><\/u><\/p>\n<p>&nbsp;<\/p>\n<p><img data-recalc-dims=\"1\" loading=\"lazy\" decoding=\"async\" class=\"alignnone size-large wp-image-56917\" src=\"https:\/\/i0.wp.com\/cdnoticias.com\/wp-content\/uploads\/2022\/06\/HCD-guillermina-amespil.jpeg?resize=800%2C534&#038;ssl=1\" alt=\"\" width=\"800\" height=\"534\" srcset=\"https:\/\/i0.wp.com\/cdnoticias.com\/wp-content\/uploads\/2022\/06\/HCD-guillermina-amespil.jpeg?resize=1024%2C684&amp;ssl=1 1024w, https:\/\/i0.wp.com\/cdnoticias.com\/wp-content\/uploads\/2022\/06\/HCD-guillermina-amespil.jpeg?resize=300%2C200&amp;ssl=1 300w, https:\/\/i0.wp.com\/cdnoticias.com\/wp-content\/uploads\/2022\/06\/HCD-guillermina-amespil.jpeg?resize=768%2C513&amp;ssl=1 768w, https:\/\/i0.wp.com\/cdnoticias.com\/wp-content\/uploads\/2022\/06\/HCD-guillermina-amespil.jpeg?resize=272%2C182&amp;ssl=1 272w, https:\/\/i0.wp.com\/cdnoticias.com\/wp-content\/uploads\/2022\/06\/HCD-guillermina-amespil.jpeg?w=1280&amp;ssl=1 1280w\" sizes=\"auto, (max-width: 800px) 100vw, 800px\" \/><\/p>\n<p><span style=\"font-family: roboto, helvetica neue, helvetica, arial, sans-serif;\">\u00a0<\/span><br \/>\n<span style=\"font-family: roboto, helvetica neue, helvetica, arial, sans-serif;\">La semana empez\u00f3 con la novedad que dio a conocer el oficialismo:\u00a0<\/span><em>\u201cJavier Fr\u00edas cedi\u00f3 los derechos del fondo de comercio de su padre\u201d.<\/em>\u00a0<strong>La medida se pareci\u00f3 mucho a reconocer la incompatibilidad del concejal con su rol de proveedor\u00a0<\/strong><span style=\"font-family: roboto, helvetica neue, helvetica, arial, sans-serif;\">y la intenci\u00f3n de salir por arriba de esta situaci\u00f3n sin que Juntos tenga que modificar su composici\u00f3n en el HCD.<\/span><br \/>\n<span style=\"font-family: roboto, helvetica neue, helvetica, arial, sans-serif;\">\u00a0<\/span><br \/>\n<span style=\"font-family: roboto, helvetica neue, helvetica, arial, sans-serif;\">Fr\u00edas resalt\u00f3 que<\/span><em>\u00a0\u201che tenido un gran respaldo del intendente Ezequiel Galli y todo su equipo porque seguimos convencidos que fue una maniobra pol\u00edtica de la oposici\u00f3n que injustamente me acus\u00f3 de corrupto cuando lo \u00fanico que he hecho en mi vida ha sido trabajar\u201d.<\/em><br \/>\n<span style=\"font-family: roboto, helvetica neue, helvetica, arial, sans-serif;\">\u00a0<\/span><br \/>\n<span style=\"font-family: roboto, helvetica neue, helvetica, arial, sans-serif;\">La decisi\u00f3n se hab\u00eda adelantado desde el Ejecutivo y\u00a0<\/span><strong>se efectiviz\u00f3 mediante la intervenci\u00f3n de un escribano que inici\u00f3 el tr\u00e1mite con fecha del 6 de junio. Afirmaron que la cesi\u00f3n es retroactiva, al 10 de diciembre.<\/strong><span style=\"font-family: roboto, helvetica neue, helvetica, arial, sans-serif;\">\u00a0Con ello, adem\u00e1s se busca evitar cuestionamientos al accionar de Fr\u00edas en la banca desde el momento de su asunci\u00f3n, en diciembre del a\u00f1o pasado, y su intervenci\u00f3n en votaciones que hacen al ejercicio econ\u00f3mico 2021. En la sesi\u00f3n especial en que se vot\u00f3 la Rendici\u00f3n de Cuentas, se abstuvo de votar.<\/span><br \/>\n<span style=\"font-family: roboto, helvetica neue, helvetica, arial, sans-serif;\">\u00a0<\/span><br \/>\n<span style=\"font-family: roboto, helvetica neue, helvetica, arial, sans-serif;\">El tema estuvo nuevamente en debate en la sesi\u00f3n del Concejo del jueves.\u00a0<\/span><strong>El d\u00eda anterior, en la comisi\u00f3n de Labor Parlamentaria, las bancadas opositoras insistieron en su planteo de la \u201cinhabilidad\u201d para que no est\u00e9 en el recinto.<\/strong><span style=\"font-family: roboto, helvetica neue, helvetica, arial, sans-serif;\">\u00a0El oficialismo present\u00f3 la documentaci\u00f3n que mostraba el inicio del tr\u00e1mite de la cesi\u00f3n de sus derechos como heredero en la pyme que es proveedora municipal.<\/span><br \/>\n<span style=\"font-family: roboto, helvetica neue, helvetica, arial, sans-serif;\">\u00a0<\/span><br \/>\n<span style=\"font-family: roboto, helvetica neue, helvetica, arial, sans-serif;\">El jueves fue Juan S\u00e1nchez por el interbloque Frente de Todos el que nuevamente abri\u00f3 el planteo:\u00a0<\/span><em>\u201clo blindaron para que no se aplique la sanci\u00f3n que prev\u00e9 la ley\u201d\u00a0<\/em><span style=\"font-family: roboto, helvetica neue, helvetica, arial, sans-serif;\">dijo y habl\u00f3 de\u00a0<\/span><strong><em>\u201cgrav\u00edsima crisis institucional\u201d<\/em><\/strong><span style=\"font-family: roboto, helvetica neue, helvetica, arial, sans-serif;\">. Sent\u00f3 postura contraria a que la cesi\u00f3n de derechos alcance para salvar la incompatibilidad:\u00a0<\/span><em>\u201cpretender transformar una inhabilidad de origen e insalvable en un acto legal con efecto retroactivo\u201d.<\/em><span style=\"font-family: roboto, helvetica neue, helvetica, arial, sans-serif;\">\u00a0Incluso lleg\u00f3 a acusar al concejal de\u00a0<\/span><strong><em>\u201cun desfalco al Municipio cercano o superior a los dos millones de pesos, dependiendo de c\u00f3mo se tome su participaci\u00f3n accionaria\u201d<\/em><\/strong><span style=\"font-family: roboto, helvetica neue, helvetica, arial, sans-serif;\">\u00a0en la sucesi\u00f3n.<\/span><\/p>\n<p>&nbsp;<\/p>\n<p><img data-recalc-dims=\"1\" loading=\"lazy\" decoding=\"async\" class=\"alignnone size-large wp-image-56920\" src=\"https:\/\/i0.wp.com\/cdnoticias.com\/wp-content\/uploads\/2022\/06\/HCD-sanchez.jpeg?resize=800%2C534&#038;ssl=1\" alt=\"\" width=\"800\" height=\"534\" srcset=\"https:\/\/i0.wp.com\/cdnoticias.com\/wp-content\/uploads\/2022\/06\/HCD-sanchez.jpeg?resize=1024%2C684&amp;ssl=1 1024w, https:\/\/i0.wp.com\/cdnoticias.com\/wp-content\/uploads\/2022\/06\/HCD-sanchez.jpeg?resize=300%2C200&amp;ssl=1 300w, https:\/\/i0.wp.com\/cdnoticias.com\/wp-content\/uploads\/2022\/06\/HCD-sanchez.jpeg?resize=768%2C513&amp;ssl=1 768w, https:\/\/i0.wp.com\/cdnoticias.com\/wp-content\/uploads\/2022\/06\/HCD-sanchez.jpeg?resize=272%2C182&amp;ssl=1 272w, https:\/\/i0.wp.com\/cdnoticias.com\/wp-content\/uploads\/2022\/06\/HCD-sanchez.jpeg?w=1280&amp;ssl=1 1280w\" sizes=\"auto, (max-width: 800px) 100vw, 800px\" \/><br \/>\n<span style=\"font-family: roboto, helvetica neue, helvetica, arial, sans-serif;\">\u00a0<\/span><br \/>\n<span style=\"font-family: roboto, helvetica neue, helvetica, arial, sans-serif;\">La defensa del accionar del oficialismo la tom\u00f3 Guillermina Amespil quien busc\u00f3 rebatir los argumentos de S\u00e1nchez.\u00a0<\/span><strong>Consider\u00f3 \u201cexagerado\u201d hablar de \u201cgrave crisis institucional\u201d<\/strong><span style=\"font-family: roboto, helvetica neue, helvetica, arial, sans-serif;\">\u00a0y rechaz\u00f3 la comisi\u00f3n de alg\u00fan delito por parte de Fr\u00edas al se\u00f1alar que \u201cen el RAFAM no hay ninguna factura presentada en el 2022\u201d.\u00a0<\/span><strong>Su intervenci\u00f3n estuvo destinada en gran parte a cuestionar el accionar del Frente de Todos y afirm\u00f3 que\u00a0<em>\u201cno est\u00e1 acreditada la incompatibilidad e inhabilidad\u201d.<\/em><\/strong><em>\u00a0\u201cSi se determinara la inhabilidad seremos los primeros en corroborar la decisi\u00f3n y validarla\u201d\u00a0<\/em><span style=\"font-family: roboto, helvetica neue, helvetica, arial, sans-serif;\">dijo m\u00e1s tarde el presidente del bloque Juntos, Mart\u00edn Endere.<\/span><br \/>\n<span style=\"font-family: roboto, helvetica neue, helvetica, arial, sans-serif;\">\u00a0<\/span><br \/>\n<span style=\"font-family: roboto, helvetica neue, helvetica, arial, sans-serif;\">Al igual que lo hab\u00eda hecho minutos antes la presidenta del Concejo, Cecilia Krivochen,\u00a0<\/span><strong>Amespil se remiti\u00f3 a lo sucedido en la sesi\u00f3n anterior, cuando por aplicaci\u00f3n del art\u00edculo 14 de la Ley Org\u00e1nica se vot\u00f3 la moci\u00f3n de \u201ccesant\u00eda\u201d de Fr\u00edas y por mayor\u00eda fue rechazada.<\/strong><\/p>\n<p>&nbsp;<\/p>\n<p><img data-recalc-dims=\"1\" loading=\"lazy\" decoding=\"async\" class=\"alignnone size-large wp-image-56919\" src=\"https:\/\/i0.wp.com\/cdnoticias.com\/wp-content\/uploads\/2022\/06\/HCD-endere-1024x766.jpeg?resize=800%2C598&#038;ssl=1\" alt=\"\" width=\"800\" height=\"598\" srcset=\"https:\/\/i0.wp.com\/cdnoticias.com\/wp-content\/uploads\/2022\/06\/HCD-endere.jpeg?resize=1024%2C766&amp;ssl=1 1024w, https:\/\/i0.wp.com\/cdnoticias.com\/wp-content\/uploads\/2022\/06\/HCD-endere.jpeg?resize=300%2C225&amp;ssl=1 300w, https:\/\/i0.wp.com\/cdnoticias.com\/wp-content\/uploads\/2022\/06\/HCD-endere.jpeg?resize=768%2C575&amp;ssl=1 768w, https:\/\/i0.wp.com\/cdnoticias.com\/wp-content\/uploads\/2022\/06\/HCD-endere.jpeg?w=1280&amp;ssl=1 1280w\" sizes=\"auto, (max-width: 800px) 100vw, 800px\" \/><\/p>\n<p><strong>El clima estaba tenso<\/strong><span style=\"font-family: roboto, helvetica neue, helvetica, arial, sans-serif;\">, no s\u00f3lo por el evidente hartazgo del oficialismo en tener que defenderse otra vez de Fr\u00edas, sino porque cre\u00edan el debate saldado. La oposici\u00f3n, en contrapartida, segu\u00eda insistiendo para<\/span><strong>\u00a0al menos dejar sentada la inhabilidad y que la decisi\u00f3n de que siga en su banca era del intendente Galli.<\/strong><\/p>\n<p><span style=\"font-family: roboto, helvetica neue, helvetica, arial, sans-serif;\">Nuevamente, sigue siendo un poco confuso el accionar tras hallar la inhabilidad. \u00bfnueva comisi\u00f3n de poderes? \u00bfEl Tribunal c\u00f3mo actuar\u00eda? Como no puede intervenir, \u00bfla Asesor\u00eda General de Gobierno s\u00ed puede? Los dos -respetad\u00edsimos- organismos pueden llevar su opini\u00f3n y postura al respecto, \u00bfy qu\u00e9 m\u00e1s? \u00bfTen\u00eda asidero el pedido de votar de nuevo de Juan S\u00e1nchez, o era una avivada para anular la votaci\u00f3n anterior?<\/span><br \/>\n<span style=\"font-family: roboto, helvetica neue, helvetica, arial, sans-serif;\">\u00a0<\/span><br \/>\n<u><strong>\u00bfOtro proveedor cuestionado?<\/strong><\/u><\/p>\n<p>&nbsp;<\/p>\n<p><img data-recalc-dims=\"1\" loading=\"lazy\" decoding=\"async\" class=\"alignnone size-large wp-image-56918\" src=\"https:\/\/i0.wp.com\/cdnoticias.com\/wp-content\/uploads\/2022\/06\/HCD-celeste-arouxet-1-1.jpeg?resize=800%2C534&#038;ssl=1\" alt=\"\" width=\"800\" height=\"534\" srcset=\"https:\/\/i0.wp.com\/cdnoticias.com\/wp-content\/uploads\/2022\/06\/HCD-celeste-arouxet-1-1.jpeg?resize=1024%2C684&amp;ssl=1 1024w, https:\/\/i0.wp.com\/cdnoticias.com\/wp-content\/uploads\/2022\/06\/HCD-celeste-arouxet-1-1.jpeg?resize=300%2C200&amp;ssl=1 300w, https:\/\/i0.wp.com\/cdnoticias.com\/wp-content\/uploads\/2022\/06\/HCD-celeste-arouxet-1-1.jpeg?resize=768%2C513&amp;ssl=1 768w, https:\/\/i0.wp.com\/cdnoticias.com\/wp-content\/uploads\/2022\/06\/HCD-celeste-arouxet-1-1.jpeg?resize=272%2C182&amp;ssl=1 272w, https:\/\/i0.wp.com\/cdnoticias.com\/wp-content\/uploads\/2022\/06\/HCD-celeste-arouxet-1-1.jpeg?w=1280&amp;ssl=1 1280w\" sizes=\"auto, (max-width: 800px) 100vw, 800px\" \/><\/p>\n<p><span style=\"font-family: roboto, helvetica neue, helvetica, arial, sans-serif;\">\u00a0<\/span><br \/>\n<span style=\"font-family: roboto, helvetica neue, helvetica, arial, sans-serif;\">Celeste Arouxet tambi\u00e9n intervino en ese debate y<\/span><strong>\u00a0trajo un nuevo tema que dej\u00f3 cuestionado a un proveedor que hasta enero fue funcionario municipal, puso un manto de duda sobre el accionar del Ejecutivo y oblig\u00f3 a la respuesta al d\u00eda siguiente.<\/strong><br \/>\n<span style=\"font-family: roboto, helvetica neue, helvetica, arial, sans-serif;\">\u00a0<\/span><\/p>\n<p><span style=\"font-family: roboto, helvetica neue, helvetica, arial, sans-serif;\">La concejal de Ahora Olavarr\u00eda dio a conocer que<\/span><strong>\u00a0el ex director de Personal, Gabriel Requena, que renunci\u00f3 a su cargo en enero ingres\u00f3 al mes siguiente como proveedor municipal para vender el servicio de asesor\u00eda en la misma \u00e1rea al Municipio por 3,8 millones de pesos.\u00a0<\/strong><em>\u201cHizo el acting de la despedida\u201d<\/em><span style=\"font-family: roboto, helvetica neue, helvetica, arial, sans-serif;\">\u00a0dijo para aclarar que \u201ct\u00e9cnicamente\u201d no es objetable el accionar, aunque adelant\u00f3 que analiz\u00f3 las facturas presentadas y no se corresponden con los plazos de inicio de los servicios. Arouxet prometi\u00f3 que el tema iba a seguir.<\/span><\/p>\n<p><span style=\"font-family: roboto, helvetica neue, helvetica, arial, sans-serif;\">Nobleza obliga: Arouxet tir\u00f3 una frase casi maradoneana para ironizar sobre la situaci\u00f3n de Requena, algo que enoj\u00f3 y mucho al Ejecutivo. Dijo que &#8220;<\/span><em>no termin\u00f3 de salir del Palacio San Mart\u00edn que ya estaba entrando al Palacio Belgrano&#8221;.\u00a0<\/em><\/p>\n<p><span style=\"font-family: roboto, helvetica neue, helvetica, arial, sans-serif;\">Fue Juan Mujica quien sali\u00f3 a responderle en un comunicado. Reconoci\u00f3 que tras la renuncia comenz\u00f3 su relaci\u00f3n con la comuna como proveedor y desminti\u00f3 el monto de erogaci\u00f3n:\u00a0<\/span><em>\u201cGabriel Requena fue contratado como proveedor hasta diciembre de 2022 para asesorar en materia de Recursos Humanos por su amplia experiencia en la materia tras haber sido Director de Personal durante seis a\u00f1os por la suma de 80 mil pesos por mes\u201d\u00a0<\/em><span style=\"font-family: roboto, helvetica neue, helvetica, arial, sans-serif;\">explic\u00f3 el edil.<\/span><\/p>\n<p><span style=\"font-family: roboto, helvetica neue, helvetica, arial, sans-serif;\">Acus\u00f3 a Arouxet de\u00a0<\/span><em>\u201cmentir, tiene una clara intenci\u00f3n de da\u00f1ar la honorabilidad de una persona y, adem\u00e1s, pone en riesgo la integridad f\u00edsica inventando sumas exorbitantes que no son reales\u201d<\/em><span style=\"font-family: roboto, helvetica neue, helvetica, arial, sans-serif;\">, agreg\u00f3.\u00a0<\/span><\/p>\n<p><u><strong>Los fomentistas entran a la discusi\u00f3n<\/strong><\/u><\/p>\n<p>&nbsp;<\/p>\n<p><img data-recalc-dims=\"1\" loading=\"lazy\" decoding=\"async\" class=\"alignnone size-full wp-image-56134\" src=\"https:\/\/i0.wp.com\/cdnoticias.com\/wp-content\/uploads\/2022\/06\/ciancio-frias.jpg?resize=800%2C445&#038;ssl=1\" alt=\"\" width=\"800\" height=\"445\" srcset=\"https:\/\/i0.wp.com\/cdnoticias.com\/wp-content\/uploads\/2022\/06\/ciancio-frias.jpg?w=800&amp;ssl=1 800w, https:\/\/i0.wp.com\/cdnoticias.com\/wp-content\/uploads\/2022\/06\/ciancio-frias.jpg?resize=300%2C167&amp;ssl=1 300w, https:\/\/i0.wp.com\/cdnoticias.com\/wp-content\/uploads\/2022\/06\/ciancio-frias.jpg?resize=768%2C427&amp;ssl=1 768w\" sizes=\"auto, (max-width: 800px) 100vw, 800px\" \/><\/p>\n<p><span style=\"font-family: roboto, helvetica neue, helvetica, arial, sans-serif;\">La continuidad de Fr\u00edas en el Concejo y, m\u00e1s espec\u00edficamente, el esfuerzo por su defensa abre la pregunta: \u00bfpor qu\u00e9 el Intendente lo sostiene en la banca?\u00a0<\/span><strong>La primera respuesta es la evidente: cualquier Ejecutivo rechazar\u00eda accionar ante la presi\u00f3n de la oposici\u00f3n.<\/strong><\/p>\n<p><span style=\"font-family: roboto, helvetica neue, helvetica, arial, sans-serif;\">Pero con una lupa un poco m\u00e1s enfocada,<\/span><strong>\u00a0lo que el oficialismo ve en juego es la representaci\u00f3n de la Uni\u00f3n Vecinal, y con ella, la representaci\u00f3n barrial.<\/strong><span style=\"font-family: roboto, helvetica neue, helvetica, arial, sans-serif;\">\u00a0Esa especie de red de contenci\u00f3n (al menos as\u00ed se presenta) sobre la que se apoya parte de la llegada territorial de Juntos. Por ejemplo, algunas reuniones mostradas el mes pasado para anunciar obras por parte de Galli confirman esta visi\u00f3n:\u00a0<\/span><strong>las pavimentaciones de barrio AOMA y la prolongaci\u00f3n de calle Rivadavia se anunciaron con im\u00e1genes de reuniones con vecinos de esos sectores en los que estaban los miembros de la Uni\u00f3n Vecinal respectivamente.<\/strong><\/p>\n<p><span style=\"font-family: roboto, helvetica neue, helvetica, arial, sans-serif;\">La Uni\u00f3n Vecinal, que llev\u00f3 a Fr\u00edas a la lista de candidatos 2021, hace un doble juego:\u00a0<\/span><strong>naci\u00f3 como una agrupaci\u00f3n partidaria dentro de Juntos el a\u00f1o pasado y al mismo tiempo se referencia en la trayectoria de sus integrantes como dirigentes barriales.\u00a0<\/strong><span style=\"font-family: roboto, helvetica neue, helvetica, arial, sans-serif;\">Es cierto que al menos los m\u00e1s notorios, como \u201cPano\u201d Vega o Mariano Ciancio, dejaron el fomentismo antes de ser parte de la Uni\u00f3n Vecinal. No as\u00ed Fr\u00edas, quien se mantiene como presidente de la Junta Vecinal de Los Robles.<\/span><\/p>\n<p><span style=\"font-family: roboto, helvetica neue, helvetica, arial, sans-serif;\">Este doble juego es el que han venido cuestionando<\/span><strong>\u00a0la Federaci\u00f3n de Sociedades de Fomento y algunos dirigentes de instituciones barriales.<\/strong><span style=\"font-family: roboto, helvetica neue, helvetica, arial, sans-serif;\">\u00a0Pero esta semana dieron un paso m\u00e1s: presentaron una nota de \u201crepudio\u201d en el Concejo Deliberante por manifestarse \u201cfalsamente\u201d en nombre de entidades barriales en defensa de Fr\u00edas. Pidieron que los ediles presenten un pedido de informe a la Secretar\u00eda de Gobierno y que hagan dos interpelaciones.<\/span><\/p>\n<p><span style=\"font-family: roboto, helvetica neue, helvetica, arial, sans-serif;\">Con ello pusieron en el centro de escena\u00a0<\/span><em>\u201clas entidades de bien p\u00fablico que fueron beneficiadas a trav\u00e9s de subsidios, subvenciones y\/o pr\u00e9stamos por parte de la Municipalidad\u201d<\/em><span style=\"font-family: roboto, helvetica neue, helvetica, arial, sans-serif;\">\u00a0con \u00e9nfasis en lo recibido por la Uni\u00f3n Vecinal.\u00a0<\/span><strong>Pidieron especialmente informaci\u00f3n sobre ese tema.<\/strong><\/p>\n<p><span style=\"font-family: roboto, helvetica neue, helvetica, arial, sans-serif;\">\u00bfSer\u00e1 un momento que aprovechar\u00e1n para tratar de normalizar todas estas instituciones del Partido?\u00a0<\/span><\/p>\n<p><span style=\"font-family: roboto, helvetica neue, helvetica, arial, sans-serif;\">\u00a0<\/span><br \/>\n<u><strong>Obras, salud, \u201cfalta de respeto\u201d y una competencia \u201cinvisible\u201d<\/strong><\/u><\/p>\n<p>&nbsp;<\/p>\n<p><img data-recalc-dims=\"1\" loading=\"lazy\" decoding=\"async\" class=\"alignnone size-large wp-image-56748\" src=\"https:\/\/i0.wp.com\/cdnoticias.com\/wp-content\/uploads\/2022\/06\/WhatsApp-Image-2022-06-07-at-10.28.30-AM.jpeg?resize=800%2C450&#038;ssl=1\" alt=\"\" width=\"800\" height=\"450\" srcset=\"https:\/\/i0.wp.com\/cdnoticias.com\/wp-content\/uploads\/2022\/06\/WhatsApp-Image-2022-06-07-at-10.28.30-AM.jpeg?resize=1024%2C576&amp;ssl=1 1024w, https:\/\/i0.wp.com\/cdnoticias.com\/wp-content\/uploads\/2022\/06\/WhatsApp-Image-2022-06-07-at-10.28.30-AM.jpeg?resize=300%2C169&amp;ssl=1 300w, https:\/\/i0.wp.com\/cdnoticias.com\/wp-content\/uploads\/2022\/06\/WhatsApp-Image-2022-06-07-at-10.28.30-AM.jpeg?resize=768%2C432&amp;ssl=1 768w, https:\/\/i0.wp.com\/cdnoticias.com\/wp-content\/uploads\/2022\/06\/WhatsApp-Image-2022-06-07-at-10.28.30-AM.jpeg?resize=1536%2C864&amp;ssl=1 1536w, https:\/\/i0.wp.com\/cdnoticias.com\/wp-content\/uploads\/2022\/06\/WhatsApp-Image-2022-06-07-at-10.28.30-AM.jpeg?w=1600&amp;ssl=1 1600w\" sizes=\"auto, (max-width: 800px) 100vw, 800px\" \/><\/p>\n<p><span style=\"font-family: roboto, helvetica neue, helvetica, arial, sans-serif;\">Ya iban cinco horas de sesi\u00f3n en el Concejo.\u00a0<\/span><strong>La Juventud del Pro insisti\u00f3 con el tema de la obra paralizada en la Facultad de Salud.<\/strong><span style=\"font-family: roboto, helvetica neue, helvetica, arial, sans-serif;\">\u00a0El 12 de mayo hubo votaci\u00f3n por mayor\u00eda para expresarse sobre el tema. El jueves sucedi\u00f3 lo mismo, pero antes de llegar a la votaci\u00f3n habl\u00f3 Natalia \u00c1lvarez (FdT): \u201c<\/span><em>otra vez la mula al trigo\u201d<\/em><span style=\"font-family: roboto, helvetica neue, helvetica, arial, sans-serif;\">\u00a0les dijo adelantando una postura dur\u00edsima sobre el accionar de la agrupaci\u00f3n de j\u00f3venes.<\/span><\/p>\n<p><span style=\"font-family: roboto, helvetica neue, helvetica, arial, sans-serif;\">Dicen los que dicen que saben que\u00a0<\/span><strong>atr\u00e1s de estos cruces hay una verdadera disputa de poder que tiene a la mism\u00edsima Facultad de Salud como escenario: las agrupaciones estudiantiles con referencia en los principales frentes nacionales.<\/strong><\/p>\n<p><em>\u201cNo s\u00e9 si est\u00e1n faltos de ideas, podr\u00eda ser, ya que hace poco presentaron un proyecto que ya hab\u00eda enviado otra concejala de otro bloque o acaso est\u00e1n hostigando\u201d\u00a0<\/em><span style=\"font-family: roboto, helvetica neue, helvetica, arial, sans-serif;\">dijo para asegurar que\u00a0<\/span><strong><em>\u201cGalli manda a la juventud para presionar\u201d.<\/em><\/strong><span style=\"font-family: roboto, helvetica neue, helvetica, arial, sans-serif;\">\u00a0Lo que sigui\u00f3 fueron \u201csugerencias\u201d de\u00a0<\/span><em>\u201cotros temas sobre los que pueden empezar a presentar proyectos\u201d<\/em><span style=\"font-family: roboto, helvetica neue, helvetica, arial, sans-serif;\">\u00a0con los que busc\u00f3 mostrar \u201cnumerosos\u201d problemas de gesti\u00f3n en el \u00e1rea de Salud: mencion\u00f3 la falta de m\u00e9dicos en las localidades, falta de mantenimiento de ambulancias, la falta de acuerdo en la spritarias, \u201cerrores de c\u00e1lculo\u201d en la ampliaci\u00f3n del Hospital Municipal, problemas edilicios en los hospitales de Hinojo y \u201cH\u00e9ctor Cura\u201d, falta de m\u00e9dicos en las guardias de este \u00faltimo centro.\u00a0<\/span><em>\u201c\u00bfPara qu\u00e9 quieren desviar la mirada?\u201d\u00a0<\/em><span style=\"font-family: roboto, helvetica neue, helvetica, arial, sans-serif;\">dijo \u00c1lvarez sobre el proyecto de la Juventud.<\/span><\/p>\n<p><span style=\"font-family: roboto, helvetica neue, helvetica, arial, sans-serif;\">Horas despu\u00e9s, J\u00f3venes Pro emiti\u00f3 un comunicado:\u00a0<\/span><strong>acusaron a Natalia \u00c1lvarez de\u00a0<em>\u201cfaltarles el respeto\u201d<\/em>\u00a0por se\u00f1alar que<em>\u00a0\u201cfueron enviados por el Intendente Galli\u201d<\/em><\/strong><span style=\"font-family: roboto, helvetica neue, helvetica, arial, sans-serif;\">. No respondieron a las acusaciones por la situaci\u00f3n del sistema de Salud del Partido.\u00a0<\/span><\/p>\n<p><em>\u201cLa mula volver\u00e1 al trigo cuantas veces sean necesarias porque como juventud y espacio creemos que es importante llevar el reclamo de cientos de personas (estudiantes, vecinos, profesores, profesionales de la salud, etc), al recinto y pedir una respuesta\u201d<\/em><span style=\"font-family: roboto, helvetica neue, helvetica, arial, sans-serif;\">\u00a0mencionaron en el comunicado.<\/span><\/p>\n<p><u><strong>\u00bfY el Hospital? \u00bfY las paritarias?<\/strong><\/u><\/p>\n<p>&nbsp;<\/p>\n<p><img data-recalc-dims=\"1\" loading=\"lazy\" decoding=\"async\" class=\"alignnone size-large wp-image-6627\" src=\"https:\/\/i0.wp.com\/cdnoticias.com\/wp-content\/uploads\/2020\/11\/carpa-municipales1.jpg?resize=800%2C534&#038;ssl=1\" alt=\"\" width=\"800\" height=\"534\" srcset=\"https:\/\/i0.wp.com\/cdnoticias.com\/wp-content\/uploads\/2020\/11\/carpa-municipales1.jpg?resize=1024%2C683&amp;ssl=1 1024w, https:\/\/i0.wp.com\/cdnoticias.com\/wp-content\/uploads\/2020\/11\/carpa-municipales1.jpg?resize=300%2C200&amp;ssl=1 300w, https:\/\/i0.wp.com\/cdnoticias.com\/wp-content\/uploads\/2020\/11\/carpa-municipales1.jpg?resize=768%2C512&amp;ssl=1 768w, https:\/\/i0.wp.com\/cdnoticias.com\/wp-content\/uploads\/2020\/11\/carpa-municipales1.jpg?resize=272%2C182&amp;ssl=1 272w, https:\/\/i0.wp.com\/cdnoticias.com\/wp-content\/uploads\/2020\/11\/carpa-municipales1.jpg?w=1600&amp;ssl=1 1600w, https:\/\/i0.wp.com\/cdnoticias.com\/wp-content\/uploads\/2020\/11\/carpa-municipales1.jpg?w=2400&amp;ssl=1 2400w\" sizes=\"auto, (max-width: 800px) 100vw, 800px\" \/><\/p>\n<p><span style=\"font-family: roboto, helvetica neue, helvetica, arial, sans-serif;\">Por fuera de esta disputa en el HCD,<\/span><strong>\u00a0circularon fotos del 7 y el 10 de junio con el \u201ctecho ca\u00eddo\u201d de un ba\u00f1o de una de las habitaciones de Cl\u00ednica M\u00e9dica del Hospital Municipal<\/strong><span style=\"font-family: roboto, helvetica neue, helvetica, arial, sans-serif;\">, tal como expuso la concejal \u00c1lvarez.<\/span><\/p>\n<p><span style=\"font-family: roboto, helvetica neue, helvetica, arial, sans-serif;\">Personas cuyos familiares est\u00e1n internados en el Hospital comentaron c\u00f3mo transitan estos d\u00edas de medida de fuerza del personal en el marco de la negociaci\u00f3n paritaria: los detalles que cuentan evidencian que las medidas recrudecen.\u00a0<\/span><strong>Ya no ser\u00edan s\u00f3lo los trabajadores de limpieza los que aplican el quite de colaboraci\u00f3n.<\/strong><\/p>\n<p><span style=\"font-family: roboto, helvetica neue, helvetica, arial, sans-serif;\">Claro que el l\u00edmite de\u00a0<\/span><strong>la labor del personal de limpieza ya es lo suficientemente grave como para poner en riesgo todas las prestaciones.<\/strong><span style=\"font-family: roboto, helvetica neue, helvetica, arial, sans-serif;\">\u00a0La situaci\u00f3n fue similar el a\u00f1o pasado y lleg\u00f3 a un pico de tensi\u00f3n con denuncias contra el personal por falta de atenci\u00f3n a pacientes. La Justicia recibi\u00f3 las presentaciones pero no hubo avances.<\/span><\/p>\n<p><span style=\"font-family: roboto, helvetica neue, helvetica, arial, sans-serif;\">\u00bfC\u00f3mo va la paritaria?\u00a0<\/span><strong>La pretensi\u00f3n del Sindicato de Municipales es llegar a un 90% de aumento y que el gasto de personal llegue al 70% del presupuesto (actualmente llega a 55% aproximadamente). Para el Ejecutivo esto es una locura, y ofrecieron poco m\u00e1s del 60%.<\/strong><\/p>\n<p><span style=\"font-family: roboto, helvetica neue, helvetica, arial, sans-serif;\">Se pudo confirmar que\u00a0<\/span><strong>en los \u00faltimos d\u00edas hubo al menos dos reuniones entre Ezequiel Galli y Jos\u00e9 Stuppia.<\/strong><span style=\"font-family: roboto, helvetica neue, helvetica, arial, sans-serif;\">\u00a0Por ahora, no hay acuerdo. Se inicia la tercera semana de protesta.\u00a0<\/span><\/p>\n<p><u><strong>Cambio radical\u00a0<\/strong><\/u><\/p>\n<p>&nbsp;<\/p>\n<p><img data-recalc-dims=\"1\" loading=\"lazy\" decoding=\"async\" class=\"alignnone size-full wp-image-52645\" src=\"https:\/\/i0.wp.com\/cdnoticias.com\/wp-content\/uploads\/2022\/04\/galli-entrevista-03.jpg?resize=800%2C445&#038;ssl=1\" alt=\"\" width=\"800\" height=\"445\" srcset=\"https:\/\/i0.wp.com\/cdnoticias.com\/wp-content\/uploads\/2022\/04\/galli-entrevista-03.jpg?w=800&amp;ssl=1 800w, https:\/\/i0.wp.com\/cdnoticias.com\/wp-content\/uploads\/2022\/04\/galli-entrevista-03.jpg?resize=300%2C167&amp;ssl=1 300w, https:\/\/i0.wp.com\/cdnoticias.com\/wp-content\/uploads\/2022\/04\/galli-entrevista-03.jpg?resize=768%2C427&amp;ssl=1 768w\" sizes=\"auto, (max-width: 800px) 100vw, 800px\" \/><\/p>\n<p><span style=\"font-family: roboto, helvetica neue, helvetica, arial, sans-serif;\">\u00a0<\/span><br \/>\n<span style=\"font-family: roboto, helvetica neue, helvetica, arial, sans-serif;\">\u00bfTe acord\u00e1s c\u00f3mo fueron los discursos del final de la campa\u00f1a 2021 en Juntos?<\/span><strong>\u00a0En Olavarr\u00eda vimos a Horacio Rodr\u00edguez Larreta junto con Mart\u00edn Lousteau en cierto bar c\u00e9ntrico donde todos subrayaron que iba a haber internas en todos los niveles para 2023<\/strong><span style=\"font-family: roboto, helvetica neue, helvetica, arial, sans-serif;\">. Es que, en ese momento, dec\u00edan algo as\u00ed como que en la oferta de la PASO hab\u00eda residido \u201cel \u00e9xito\u201d de esas elecciones que dejaron a Diego Santilli y Facundo Manes en el Congreso.<\/span><\/p>\n<p><span style=\"font-family: roboto, helvetica neue, helvetica, arial, sans-serif;\">Pero por estos d\u00edas aquellas aseveraciones quedaron en el olvido: la lectura del escenario que hace el Pro para las elecciones bonaerenses directamente pretende evitar internas y acordar una f\u00f3rmula de candidaturas al Ejecutivo con la UCR. Fue\u00a0<\/span><strong>Ezequiel Galli\u00a0<\/strong><span style=\"font-family: roboto, helvetica neue, helvetica, arial, sans-serif;\">el vocero de estas intenciones en una nota con Letra P donde dijo que\u00a0<\/span><strong><em>\u201cSantilli y Abad hacen una excelente f\u00f3rmula para la gobernaci\u00f3n\u201d.<\/em><\/strong><span style=\"font-family: roboto, helvetica neue, helvetica, arial, sans-serif;\">\u00a0Maximiliano Abad es el presidente de la UCR Provincia y diputado provincial.<\/span><\/p>\n<p><em>\u201cNo hay dudas de que la \u00fanica manera de ganar la provincia de Buenos Aires en 2023 es con un candidato como Santilli al frente y todos juntos\u201d<\/em><span style=\"font-family: roboto, helvetica neue, helvetica, arial, sans-serif;\">\u00a0dijo el Intendente quien fue mucho m\u00e1s all\u00e1. Asegur\u00f3 que Abad ser\u00eda<\/span><em>\u00a0\u201cun gran vice por todo el conocimiento que tiene de la Legislatura bonaerense\u201d<\/em><span style=\"font-family: roboto, helvetica neue, helvetica, arial, sans-serif;\">\u00a0y estim\u00f3 que\u00a0<\/span><strong><em>\u201ccomo los radicales no tienen un candidato propio a la gobernaci\u00f3n, les podr\u00eda cerrar completamente una propuesta as\u00ed\u201d.<\/em><\/strong><\/p>\n<p><span style=\"font-family: roboto, helvetica neue, helvetica, arial, sans-serif;\">\u00bfFue una forma de ningunear a Mart\u00edn Tetaz, que se posiciona como candidato?\u00a0<\/span><strong>\u00bfHay un radicalismo que se beneficia con esta afirmaci\u00f3n, desestimando completamente el armado de Evoluci\u00f3n?\u00a0<\/strong><span style=\"font-family: roboto, helvetica neue, helvetica, arial, sans-serif;\">Recordemos que en la \u00faltima convenci\u00f3n nacional de la UCR, Mart\u00edn Lousteau no la pas\u00f3 muy bien ante diversos planteos que lo se\u00f1alaban \u201cpor fuera\u201d del armado\u2026<\/span><\/p>\n<p><u><strong>\u00bfY la oposici\u00f3n c\u00f3mo anda?<\/strong><\/u><\/p>\n<p>&nbsp;<\/p>\n<p><img data-recalc-dims=\"1\" loading=\"lazy\" decoding=\"async\" class=\"alignnone size-full wp-image-48125\" src=\"https:\/\/i0.wp.com\/cdnoticias.com\/wp-content\/uploads\/2022\/03\/Landivar-02.jpg?resize=800%2C445&#038;ssl=1\" alt=\"\" width=\"800\" height=\"445\" srcset=\"https:\/\/i0.wp.com\/cdnoticias.com\/wp-content\/uploads\/2022\/03\/Landivar-02.jpg?w=800&amp;ssl=1 800w, https:\/\/i0.wp.com\/cdnoticias.com\/wp-content\/uploads\/2022\/03\/Landivar-02.jpg?resize=300%2C167&amp;ssl=1 300w, https:\/\/i0.wp.com\/cdnoticias.com\/wp-content\/uploads\/2022\/03\/Landivar-02.jpg?resize=768%2C427&amp;ssl=1 768w\" sizes=\"auto, (max-width: 800px) 100vw, 800px\" \/><\/p>\n<p><span style=\"font-family: roboto, helvetica neue, helvetica, arial, sans-serif;\">La semana pasada te contamos que la Presidencia del Concejo y el bloque Juntos hab\u00edan cuestionado la labor como \u201cinterbloque\u201d del Frente de Todos. Dos comunicados se emitieron esta semana para mostrar la \u201cunidad\u201d del espacio y su forma de trabajo.\u00a0<\/span><strong><em>\u201cVamos a seguir trabajando como Interbloque\u201d<\/em><\/strong><span style=\"font-family: roboto, helvetica neue, helvetica, arial, sans-serif;\">\u00a0dijo Mercedes Land\u00edvar, presidenta del interbloque.<\/span><\/p>\n<p><span style=\"font-family: roboto, helvetica neue, helvetica, arial, sans-serif;\">La presidenta\u00a0<\/span><strong>Cecilia Krivochen envi\u00f3 una nota en la que impuso que el Interbloque del Frente de Todos deber\u00e1 dividirse en dos: Frente de Todos, por un lado, y Foro Olavarr\u00eda-Frente Renovador por el otro.<\/strong><span style=\"font-family: roboto, helvetica neue, helvetica, arial, sans-serif;\">\u00a0Land\u00edvar aprovech\u00f3 para \u201cchicanear\u201d con la \u201ctardanza\u201d en se\u00f1alar la modalidad de trabajo que no se ajusta al Reglamento Interno:<\/span><em>\u00a0\u201cpor ah\u00ed en dos a\u00f1os advierten que ten\u00edan un concejal que no reun\u00eda los requisitos para tenerlo sentado en el cuerpo\u201d.<\/em><\/p>\n<p><span style=\"font-family: roboto, helvetica neue, helvetica, arial, sans-serif;\">Antes de la sesi\u00f3n del jueves ya se hab\u00eda emitido un comunicado en ese sentido,\u00a0<\/span><strong>mostrando a los ocho concejales juntos alrededor de una mesa.<\/strong><\/p>\n<p><span style=\"font-family: roboto, helvetica neue, helvetica, arial, sans-serif;\">Por otro lado,\u00a0<\/span><strong>ayer unos 50 integrantes de La C\u00e1mpora salieron a la calle para \u201cadherir\u201d a interesados con un recorrida por los barrios Trabajadores, Lourdes y Dorrego.<\/strong><\/p>\n<p><span style=\"font-family: roboto, helvetica neue, helvetica, arial, sans-serif;\">En tanto,\u00a0<\/span><strong>Eduardo Rodr\u00edguez tambi\u00e9n mostr\u00f3 distintas actividades a lo largo de la semana<\/strong><span style=\"font-family: roboto, helvetica neue, helvetica, arial, sans-serif;\">: una reuni\u00f3n con el Presidente de Arsat para darle impulso de la TDA y a la conectividad, y otro encuentro con los responsables del Observatorio de Familias y Juventudes de la C\u00e1mara de Diputados de la Naci\u00f3n.<\/span><\/p>\n<p><span style=\"font-family: roboto, helvetica neue, helvetica, arial, sans-serif;\">En ambos casos, el objetivo fue \u201ccoordinar\u201d la llegada a Olavarr\u00eda de las gestiones y servicios que brindan.\u00a0<\/span><em>\u201cHar\u00e9 todo lo que est\u00e9 a mi alcance para articular las pol\u00edticas p\u00fablicas del Gobierno Nacional y Provincial para beneficio de los olavarrienses\u201d<\/em><span style=\"font-family: roboto, helvetica neue, helvetica, arial, sans-serif;\">\u00a0dijo Rodr\u00edguez.<\/span><\/p>\n<p><u><strong>Fuego cruzado por la \u201cZona Fr\u00eda\u201d<\/strong><\/u><\/p>\n<p>&nbsp;<\/p>\n<p><img data-recalc-dims=\"1\" loading=\"lazy\" decoding=\"async\" class=\"alignnone size-full wp-image-47521\" src=\"https:\/\/i0.wp.com\/cdnoticias.com\/wp-content\/uploads\/2022\/02\/liliana-schwindt-00.jpg?resize=800%2C445&#038;ssl=1\" alt=\"\" width=\"800\" height=\"445\" srcset=\"https:\/\/i0.wp.com\/cdnoticias.com\/wp-content\/uploads\/2022\/02\/liliana-schwindt-00.jpg?w=800&amp;ssl=1 800w, https:\/\/i0.wp.com\/cdnoticias.com\/wp-content\/uploads\/2022\/02\/liliana-schwindt-00.jpg?resize=300%2C167&amp;ssl=1 300w, https:\/\/i0.wp.com\/cdnoticias.com\/wp-content\/uploads\/2022\/02\/liliana-schwindt-00.jpg?resize=768%2C427&amp;ssl=1 768w\" sizes=\"auto, (max-width: 800px) 100vw, 800px\" \/><br \/>\n<span style=\"font-family: roboto, helvetica neue, helvetica, arial, sans-serif;\">\u00a0<\/span><br \/>\n<span style=\"font-family: roboto, helvetica neue, helvetica, arial, sans-serif;\">La semana pasada hicimos una menci\u00f3n al comunicado de Defensa del Consumidor de Olavarr\u00eda donde reclam\u00f3 a la Provincia que se implemente la \u201cZona Fr\u00eda\u201d para los usuarios de gas envasado.\u00a0<\/span><strong>Liliana Schwindt<\/strong><span style=\"font-family: roboto, helvetica neue, helvetica, arial, sans-serif;\">\u00a0no demor\u00f3 la respuesta: tras resaltar los descuentos que perciben los usuarios sostuvo que\u00a0<\/span><em>\u201cparece que no basta para algunos que no hicieron absolutamente nada para que accedamos a este beneficio justo, y hoy cuestionan que lo tengamos o lo ponen en duda&#8221;<\/em><span style=\"font-family: roboto, helvetica neue, helvetica, arial, sans-serif;\">\u00a0se quej\u00f3.<\/span><br \/>\n<span style=\"font-family: roboto, helvetica neue, helvetica, arial, sans-serif;\">\u00a0<\/span><br \/>\n<span style=\"font-family: roboto, helvetica neue, helvetica, arial, sans-serif;\">Y hubo otra respuesta para la ex funcionaria nacional aunque desde un lugar inesperado: mir\u00e1 vos a\u00a0<\/span><strong>Bali Bucca. Inform\u00f3 que hace gestiones ante la Subsecretar\u00eda de Energ\u00eda de la Provincia de Buenos Aires para aplicar de forma \u201curgente\u201d este beneficio que otorga descuentos de entre el 30% y el 50%.<\/strong><span style=\"font-family: roboto, helvetica neue, helvetica, arial, sans-serif;\">\u00a0Concretamente dijo que busca\u00a0<\/span><em>\u201cuna urgente implementaci\u00f3n del Registro de Usuarios Residenciales de Gas Licuado de Petr\u00f3leo de la Provincia\u201d.<\/em><\/p>\n<p>&nbsp;<\/p>\n<p><strong>* Un extracto<\/strong><\/p>\n<p>&nbsp;<\/p>\n<p>Esta publicaci\u00f3n es parte de la edici\u00f3n de este domingo del\u00a0<strong>newsletter Volver a las Fuentes<\/strong>\u00a0que escriben\u00a0<strong>Alexis Grierson y Josefina Bargas<\/strong>.\u00a0<a href=\"https:\/\/mailchi.mp\/1403117a0f3a\/muchas-peleas-para-mirar-con-lupa\" target=\"_blank\" rel=\"noopener\">La edici\u00f3n completa est\u00e1 disponible aqu\u00ed\u00a0\u00a0<\/a>y se suscribir de forma gratuita para recibirlo por mail\u00a0<a href=\"https:\/\/gmail.us17.list-manage.com\/subscribe?u=cba2a41506a8e26d100c3f0f8&amp;id=63ce583cd9\" target=\"_blank\" rel=\"noopener\">dejando sus datos en este formulario<\/a>.<\/p>\n","protected":false},"excerpt":{"rendered":"<p>El Concejo Deliberante como epicentro de los esc\u00e1ndalos pol\u00edticos: Fr\u00edas, Requena, el fomentismo y las bancas. La paritaria sin resolver<\/p>\n","protected":false},"author":2,"featured_media":56922,"comment_status":"closed","ping_status":"closed","sticky":false,"template":"","format":"standard","meta":{"_jetpack_memberships_contains_paid_content":false,"footnotes":""},"categories":[4,1],"tags":[],"class_list":["post-57180","post","type-post","status-publish","format-standard","has-post-thumbnail","hentry","category-politica","category-portada"],"jetpack_featured_media_url":"https:\/\/i0.wp.com\/cdnoticias.com\/wp-content\/uploads\/2022\/06\/HCD-cecilia-krivochen-juan-sanchez-1.jpeg?fit=1280%2C855&ssl=1","jetpack_sharing_enabled":true,"_links":{"self":[{"href":"https:\/\/cdnoticias.com\/index.php\/wp-json\/wp\/v2\/posts\/57180","targetHints":{"allow":["GET"]}}],"collection":[{"href":"https:\/\/cdnoticias.com\/index.php\/wp-json\/wp\/v2\/posts"}],"about":[{"href":"https:\/\/cdnoticias.com\/index.php\/wp-json\/wp\/v2\/types\/post"}],"author":[{"embeddable":true,"href":"https:\/\/cdnoticias.com\/index.php\/wp-json\/wp\/v2\/users\/2"}],"replies":[{"embeddable":true,"href":"https:\/\/cdnoticias.com\/index.php\/wp-json\/wp\/v2\/comments?post=57180"}],"version-history":[{"count":0,"href":"https:\/\/cdnoticias.com\/index.php\/wp-json\/wp\/v2\/posts\/57180\/revisions"}],"wp:featuredmedia":[{"embeddable":true,"href":"https:\/\/cdnoticias.com\/index.php\/wp-json\/wp\/v2\/media\/56922"}],"wp:attachment":[{"href":"https:\/\/cdnoticias.com\/index.php\/wp-json\/wp\/v2\/media?parent=57180"}],"wp:term":[{"taxonomy":"category","embeddable":true,"href":"https:\/\/cdnoticias.com\/index.php\/wp-json\/wp\/v2\/categories?post=57180"},{"taxonomy":"post_tag","embeddable":true,"href":"https:\/\/cdnoticias.com\/index.php\/wp-json\/wp\/v2\/tags?post=57180"}],"curies":[{"name":"wp","href":"https:\/\/api.w.org\/{rel}","templated":true}]}}