{"id":57177,"date":"2022-06-12T12:24:06","date_gmt":"2022-06-12T15:29:19","guid":{"rendered":"https:\/\/www.centraldenoticias.com.ar\/?p=57177"},"modified":"2025-02-02T13:27:03","modified_gmt":"2025-02-02T16:27:03","slug":"la-bota-cumple-sus-primeros-45-anos","status":"publish","type":"post","link":"https:\/\/cdnoticias.com\/index.php\/2022\/06\/12\/la-bota-cumple-sus-primeros-45-anos\/","title":{"rendered":"La Bota cumple sus primeros 45 a\u00f1os"},"content":{"rendered":"<p>El circuito inaugurado el 12 de junio de 1977 por el Club Atl\u00e9tico Estudiantes es uno de los de mayor historia de la provincia de Buenos Aires. Cuna de grandes pilotos y muchos campeones de Olavarr\u00eda y la regi\u00f3n.<!--more--><\/p>\n<hr \/>\n<p>La ambiciosa obra fue impulsada por un grupo humano apasionado por este deporte en Estudiantes: Ra\u00fal Galarza, Wilfredo Orlando, Rogelio Desanzo, Pascual y Antonio Antista, Alberto Cuervo, Policarpo Cusin, Luis Pr\u00f3speri, Fernando Aguirre, Rufino Oviedo, Miles Mac Gaw, Ronaldo Rapetur y Mario Pirola.<\/p>\n<p>&nbsp;<\/p>\n<p>El circuito lindante al Paraje La Isla inicialmente fue de tierra compactada pero tras la inundaci\u00f3n que del 1980, que qued\u00f3 marcada a fuego en la memoria de los olavarrienses, la pista se asfalt\u00f3. De m\u00e1s est\u00e1 decir que su nombre se debe a la forma que puede apreciarse desde el aire.<\/p>\n<p>&nbsp;<\/p>\n<p>La obra representaba un desaf\u00edo, pero so\u00f1aban con la idea de que nuestra ciudad contara con un espacio en el que el automovilismo local y regional tuviera \u201csu casa\u201d, donde la pasi\u00f3n por los fierros pudiera manifestarse en plenitud. En ese momento el furor estaba en las carreras de ruta del TC, pero a su vez crec\u00eda muy fuerte el automovilismo zonal con pistas en principio de tierra compactada.<\/p>\n<p>&nbsp;<\/p>\n<p>Aquel 12 de junio de hace 45 a\u00f1os, y ante la presencia de 4 mil personas euf\u00f3ricas se escucharon rugir por primera vez los motores de la categor\u00eda promocional 850.<\/p>\n<p>&nbsp;<\/p>\n<p>El ganador de esta primera prueba fue Carlos Torrens (Azul), segundo Eduardo Mart\u00ednez, tercero Antonio Diorio, cuarto Jos\u00e9 Emilio Spinella.<\/p>\n<p>&nbsp;<\/p>\n<p>El 23 de septiembre de 1979 el circuito La Bota recibi\u00f3 el nombre de \u201cDante y Torcuato Emiliozzi\u201d, en homenaje a los h\u00e9roes del automovilismo olavarriense. Ese d\u00eda se cortaron m\u00e1s de 8 mil boletos, un r\u00e9cord hist\u00f3rico para el automovilismo local.<\/p>\n<p>&nbsp;<\/p>\n<p>A trav\u00e9s de estas m\u00e1s de cuatro d\u00e9cadas la comisi\u00f3n de automovilismo del Club Atl\u00e9tico Estudiantes realiz\u00f3 varias competencias de automovilismo, karting, motociclismo y motocross.<\/p>\n","protected":false},"excerpt":{"rendered":"<p>El circuito inaugurado el 12 de junio de 1977 por el Club Atl\u00e9tico Estudiantes es uno de los de mayor<\/p>\n","protected":false},"author":96739694,"featured_media":148904,"comment_status":"closed","ping_status":"closed","sticky":false,"template":"","format":"standard","meta":{"_jetpack_memberships_contains_paid_content":false,"footnotes":""},"categories":[34,1],"tags":[],"class_list":["post-57177","post","type-post","status-publish","format-standard","has-post-thumbnail","hentry","category-automovilismo","category-portada"],"jetpack_featured_media_url":"https:\/\/i0.wp.com\/cdnoticias.com\/wp-content\/uploads\/2022\/06\/WhatsApp-Image-2022-06-12-at-11.32.00-AM.jpeg?fit=1280%2C830&ssl=1","jetpack_sharing_enabled":true,"_links":{"self":[{"href":"https:\/\/cdnoticias.com\/index.php\/wp-json\/wp\/v2\/posts\/57177","targetHints":{"allow":["GET"]}}],"collection":[{"href":"https:\/\/cdnoticias.com\/index.php\/wp-json\/wp\/v2\/posts"}],"about":[{"href":"https:\/\/cdnoticias.com\/index.php\/wp-json\/wp\/v2\/types\/post"}],"author":[{"embeddable":true,"href":"https:\/\/cdnoticias.com\/index.php\/wp-json\/wp\/v2\/users\/96739694"}],"replies":[{"embeddable":true,"href":"https:\/\/cdnoticias.com\/index.php\/wp-json\/wp\/v2\/comments?post=57177"}],"version-history":[{"count":0,"href":"https:\/\/cdnoticias.com\/index.php\/wp-json\/wp\/v2\/posts\/57177\/revisions"}],"wp:featuredmedia":[{"embeddable":true,"href":"https:\/\/cdnoticias.com\/index.php\/wp-json\/wp\/v2\/media\/148904"}],"wp:attachment":[{"href":"https:\/\/cdnoticias.com\/index.php\/wp-json\/wp\/v2\/media?parent=57177"}],"wp:term":[{"taxonomy":"category","embeddable":true,"href":"https:\/\/cdnoticias.com\/index.php\/wp-json\/wp\/v2\/categories?post=57177"},{"taxonomy":"post_tag","embeddable":true,"href":"https:\/\/cdnoticias.com\/index.php\/wp-json\/wp\/v2\/tags?post=57177"}],"curies":[{"name":"wp","href":"https:\/\/api.w.org\/{rel}","templated":true}]}}