{"id":57168,"date":"2022-06-12T11:25:58","date_gmt":"2022-06-12T14:25:58","guid":{"rendered":"https:\/\/www.centraldenoticias.com.ar\/?p=57168"},"modified":"2022-06-12T11:26:12","modified_gmt":"2022-06-12T14:26:12","slug":"avanza-la-vacunacion-antigripal-y-covid-en-residencias","status":"publish","type":"post","link":"https:\/\/cdnoticias.com\/index.php\/2022\/06\/12\/avanza-la-vacunacion-antigripal-y-covid-en-residencias\/","title":{"rendered":"Avanza la vacunaci\u00f3n antigripal y Covid en residencias"},"content":{"rendered":"<p>Desde PAMI realizan las aplicaciones en diferentes instituciones. Los lugares recorridos.<!--more--><\/p>\n<hr \/>\n<p>PAMI contin\u00faa con la<strong> vacunaci\u00f3n antigripal y Covid en residencias.<\/strong> As\u00ed lo inform\u00f3 el director de la delegaci\u00f3n local, Jorge Garaiz. Al igual que lo hicieron con la vacunaci\u00f3n COVID, un equipo de profesionales recorre las diferentes instituciones.<\/p>\n<p>&nbsp;<\/p>\n<p>De esto modo a lo largo de las semanas estuvieron en Hogar Ainoha, Hogar Luz de Vida, Hogar Amelie, Hogar \u00c1ngeles, Hogar de Luz, Hogar Los Olivares, Hogar San Jorge, Hogar San Francisco de Hinojo, Hogar de Lorena Maggiorana de Hinojo, Hogar Anhelo de Hinojo, Hogar Las Retamas de Sierras Bayas, Hogar San Antonio, Hogar Verquiel, Hogar Centro de Atenci\u00f3n a la Tercera Edad, Hogar Mis A\u00f1os Felices, Hogar Mis Abuelos y Hogar La casa de Mis Nietos.<\/p>\n<p>&nbsp;<\/p>\n<p><img data-recalc-dims=\"1\" loading=\"lazy\" decoding=\"async\" class=\"alignnone size-full wp-image-57170\" src=\"https:\/\/i0.wp.com\/cdnoticias.com\/wp-content\/uploads\/2022\/06\/vacunacion-PAMI02.jpg?resize=720%2C401&#038;ssl=1\" alt=\"\" width=\"720\" height=\"401\" srcset=\"https:\/\/i0.wp.com\/cdnoticias.com\/wp-content\/uploads\/2022\/06\/vacunacion-PAMI02.jpg?w=720&amp;ssl=1 720w, https:\/\/i0.wp.com\/cdnoticias.com\/wp-content\/uploads\/2022\/06\/vacunacion-PAMI02.jpg?resize=300%2C167&amp;ssl=1 300w\" sizes=\"auto, (max-width: 720px) 100vw, 720px\" \/><\/p>\n<p>&nbsp;<\/p>\n<p>Adem\u00e1s, desde PAMI comenzaron con la <strong>vacunaci\u00f3n de cuarta dosis contra el COVID<\/strong>, se aplic\u00f3 la misma en las siguientes instituciones: Mis A\u00f1os Felices, La casita de Santi de la calle Hornos, La casita de Santi de la calle Necochea, La casita de Santi de la calle Belgrano, Hogar Estilo, Hogar Luz de Vida, Grupo Ilusiones, Centro Junto por vos, Hogar Suyai, Hogar Mis Abuelos, Hogar Ainoha, Hogar Armonia, Hogar Ludmila, Hogar Girasoles, Hogar Amelie y Hogar Mi Ilusi\u00f3n.<\/p>\n","protected":false},"excerpt":{"rendered":"<p>Desde PAMI realizan las aplicaciones en diferentes instituciones. Los lugares recorridos.<\/p>\n","protected":false},"author":2,"featured_media":57169,"comment_status":"closed","ping_status":"closed","sticky":false,"template":"","format":"standard","meta":{"_jetpack_memberships_contains_paid_content":false,"footnotes":""},"categories":[16,1],"tags":[],"class_list":["post-57168","post","type-post","status-publish","format-standard","has-post-thumbnail","hentry","category-covid-19","category-portada"],"jetpack_featured_media_url":"https:\/\/i0.wp.com\/cdnoticias.com\/wp-content\/uploads\/2022\/06\/vacunacion-PAMI03.jpg?fit=720%2C401&ssl=1","jetpack_sharing_enabled":true,"_links":{"self":[{"href":"https:\/\/cdnoticias.com\/index.php\/wp-json\/wp\/v2\/posts\/57168","targetHints":{"allow":["GET"]}}],"collection":[{"href":"https:\/\/cdnoticias.com\/index.php\/wp-json\/wp\/v2\/posts"}],"about":[{"href":"https:\/\/cdnoticias.com\/index.php\/wp-json\/wp\/v2\/types\/post"}],"author":[{"embeddable":true,"href":"https:\/\/cdnoticias.com\/index.php\/wp-json\/wp\/v2\/users\/2"}],"replies":[{"embeddable":true,"href":"https:\/\/cdnoticias.com\/index.php\/wp-json\/wp\/v2\/comments?post=57168"}],"version-history":[{"count":0,"href":"https:\/\/cdnoticias.com\/index.php\/wp-json\/wp\/v2\/posts\/57168\/revisions"}],"wp:featuredmedia":[{"embeddable":true,"href":"https:\/\/cdnoticias.com\/index.php\/wp-json\/wp\/v2\/media\/57169"}],"wp:attachment":[{"href":"https:\/\/cdnoticias.com\/index.php\/wp-json\/wp\/v2\/media?parent=57168"}],"wp:term":[{"taxonomy":"category","embeddable":true,"href":"https:\/\/cdnoticias.com\/index.php\/wp-json\/wp\/v2\/categories?post=57168"},{"taxonomy":"post_tag","embeddable":true,"href":"https:\/\/cdnoticias.com\/index.php\/wp-json\/wp\/v2\/tags?post=57168"}],"curies":[{"name":"wp","href":"https:\/\/api.w.org\/{rel}","templated":true}]}}