{"id":57157,"date":"2022-06-12T09:20:48","date_gmt":"2022-06-12T12:20:48","guid":{"rendered":"https:\/\/www.centraldenoticias.com.ar\/?p=57157"},"modified":"2022-06-12T09:20:48","modified_gmt":"2022-06-12T12:20:48","slug":"oscar-antonio-mercalli-tito-gato-q-e-p-d","status":"publish","type":"post","link":"https:\/\/cdnoticias.com\/index.php\/2022\/06\/12\/oscar-antonio-mercalli-tito-gato-q-e-p-d\/","title":{"rendered":"Oscar Antonio Mercalli \u201cTito\u201d \u2013 \u201cGato\u201d (Q.E.P.D.)"},"content":{"rendered":"<p>Falleci\u00f3 en Olavarr\u00eda el d\u00eda 12 de junio de 2022. Su hijo Eduardo Mercalli. Su hija pol\u00edtica Alicia Britez. Sus nietos Nicol\u00e1s y Eliana. Su nieto pol\u00edtico Lucas. Su hermano Cholo Mercalli. Sus sobrinos y dem\u00e1s deudos participan su fallecimiento.<\/p>\n<p>&nbsp;<\/p>\n<p>Sus restos no ser\u00e1n velados y ser\u00e1n inhumados en el cementerio de Colonia Hinojo este domingo 12 de junio a las 11:30, previo responso en la capilla ardiente. Vecino de Hinojo. Nacido en Ernestina, 25 de Mayo. Jubilado de FABI.<\/p>\n","protected":false},"excerpt":{"rendered":"<p>Falleci\u00f3 en Olavarr\u00eda el d\u00eda 12 de junio de 2022. Su hijo Eduardo Mercalli. Su hija pol\u00edtica Alicia Britez. Sus<\/p>\n","protected":false},"author":2,"featured_media":51544,"comment_status":"closed","ping_status":"closed","sticky":false,"template":"","format":"standard","meta":{"_jetpack_memberships_contains_paid_content":false,"footnotes":""},"categories":[10],"tags":[],"class_list":["post-57157","post","type-post","status-publish","format-standard","has-post-thumbnail","hentry","category-necrologicas"],"jetpack_featured_media_url":"https:\/\/i0.wp.com\/cdnoticias.com\/wp-content\/uploads\/2022\/04\/necrologicas-390-x-240.jpg?fit=390%2C240&ssl=1","jetpack_sharing_enabled":true,"_links":{"self":[{"href":"https:\/\/cdnoticias.com\/index.php\/wp-json\/wp\/v2\/posts\/57157","targetHints":{"allow":["GET"]}}],"collection":[{"href":"https:\/\/cdnoticias.com\/index.php\/wp-json\/wp\/v2\/posts"}],"about":[{"href":"https:\/\/cdnoticias.com\/index.php\/wp-json\/wp\/v2\/types\/post"}],"author":[{"embeddable":true,"href":"https:\/\/cdnoticias.com\/index.php\/wp-json\/wp\/v2\/users\/2"}],"replies":[{"embeddable":true,"href":"https:\/\/cdnoticias.com\/index.php\/wp-json\/wp\/v2\/comments?post=57157"}],"version-history":[{"count":0,"href":"https:\/\/cdnoticias.com\/index.php\/wp-json\/wp\/v2\/posts\/57157\/revisions"}],"wp:featuredmedia":[{"embeddable":true,"href":"https:\/\/cdnoticias.com\/index.php\/wp-json\/wp\/v2\/media\/51544"}],"wp:attachment":[{"href":"https:\/\/cdnoticias.com\/index.php\/wp-json\/wp\/v2\/media?parent=57157"}],"wp:term":[{"taxonomy":"category","embeddable":true,"href":"https:\/\/cdnoticias.com\/index.php\/wp-json\/wp\/v2\/categories?post=57157"},{"taxonomy":"post_tag","embeddable":true,"href":"https:\/\/cdnoticias.com\/index.php\/wp-json\/wp\/v2\/tags?post=57157"}],"curies":[{"name":"wp","href":"https:\/\/api.w.org\/{rel}","templated":true}]}}